{"id":7151,"date":"2026-01-23T01:40:44","date_gmt":"2026-01-23T00:40:44","guid":{"rendered":"https:\/\/urbanicc.fr\/?p=7151"},"modified":"2026-01-23T01:40:47","modified_gmt":"2026-01-23T00:40:47","slug":"pour-un-moratoire-sur-les-capacites-dincineration-dans-le-val-de-marne","status":"publish","type":"post","link":"https:\/\/urbanicc.fr\/index.php\/2026\/01\/23\/pour-un-moratoire-sur-les-capacites-dincineration-dans-le-val-de-marne\/","title":{"rendered":"Pour un moratoire sur les capacit\u00e9s d\u2019incin\u00e9ration dans le Val-de-Marne"},"content":{"rendered":"\n<p>communiqu\u00e9 de presse &#8211; 23 janvier 2026<\/p>\n\n\n\n<p><em>Ivry-sur-Seine, le 22 janvier 2026 &#8211; La publication le 22 janvier 2026 d\u2019un article dans Les Echos r\u00e9v\u00e8le qu\u2019un nouvel incin\u00e9rateur de d\u00e9chets type CSR et\/ou bois de r\u00e9cup\u00e9ration est en projet \u00e0 Vitry-sur-Seine. Ce projet est d\u00e9crit dans une&nbsp;<a href=\"https:\/\/us7.mailchimp.com\/mctx\/clicks?url=https%3A%2F%2Fa06-v7.apps.paris.fr%2Fa06%2Fjsp%2Fsite%2Fplugins%2Fodjcp%2FDoDownload.jsp%3Fid_entite%3D65857%26id_type_entite%3D6&amp;xid=ee7a73539d&amp;uid=108349134&amp;iid=24d9d07316&amp;pool=cts&amp;v=2&amp;c=1769128029&amp;h=82048e2dd95d6267419a11abff779f1117dd19bcd32f09bee4aa78313021cdd4\" target=\"_blank\" rel=\"noreferrer noopener\">d\u00e9lib\u00e9ration<\/a>&nbsp;de la Ville de Paris, o\u00f9 l\u2019on apprend que les d\u00e9chets proviendraient d\u2019un centre de collecte \u00e0 Ris-Orangis qui regrouperait des volumes collect\u00e9s dans un rayon de 300 km !<\/em><\/p>\n\n\n\n<div style=\"height:31px\" aria-hidden=\"true\" class=\"wp-block-spacer\"><\/div>\n\n\n\n<p>Alors que le Val-de-Marne a d\u00e9j\u00e0 la plus forte concentration d&rsquo;incin\u00e9rateurs d\u2019ordures m\u00e9nag\u00e8res dans toute l&rsquo;Ile-de-France, et que la zone entre Bruneseau et les Ardoines doit accueillir \u00e0 terme 60 000 nouveaux habitants, le maire d&rsquo;Ivry-sur-Seine a accept\u00e9 de maintenir une usine d&rsquo;incin\u00e9ration d&rsquo;ordures m\u00e9nag\u00e8res dans un quartier en pleine densification et le maire de Vitry-sur-Seine s&rsquo;appr\u00eate \u00e0 accepter un gigantesque incin\u00e9rateur de bois de r\u00e9cup\u00e9ration et\/ou d\u00e9chets type CSR (Combustible Solide de R\u00e9cup\u00e9ration).<\/p>\n\n\n\n<div style=\"height:100px\" aria-hidden=\"true\" class=\"wp-block-spacer\"><\/div>\n\n\n\n<figure class=\"wp-block-gallery has-nested-images columns-default is-cropped wp-block-gallery-1 is-layout-flex wp-block-gallery-is-layout-flex\">\n<figure class=\"wp-block-image size-large\"><img loading=\"lazy\" decoding=\"async\" width=\"302\" height=\"285\" data-id=\"7153\" src=\"https:\/\/urbanicc.fr\/wp-content\/uploads\/2026\/01\/Image2.jpg\" alt=\"\" class=\"wp-image-7153\" srcset=\"https:\/\/urbanicc.fr\/wp-content\/uploads\/2026\/01\/Image2.jpg 302w, https:\/\/urbanicc.fr\/wp-content\/uploads\/2026\/01\/Image2-300x283.jpg 300w\" sizes=\"auto, (max-width: 302px) 100vw, 302px\" \/><\/figure>\n\n\n\n<figure class=\"wp-block-image size-large\"><img loading=\"lazy\" decoding=\"async\" width=\"945\" height=\"846\" data-id=\"7152\" src=\"https:\/\/urbanicc.fr\/wp-content\/uploads\/2026\/01\/Image1.png\" alt=\"\" class=\"wp-image-7152\" srcset=\"https:\/\/urbanicc.fr\/wp-content\/uploads\/2026\/01\/Image1.png 945w, https:\/\/urbanicc.fr\/wp-content\/uploads\/2026\/01\/Image1-300x269.png 300w, https:\/\/urbanicc.fr\/wp-content\/uploads\/2026\/01\/Image1-768x688.png 768w\" sizes=\"auto, (max-width: 945px) 100vw, 945px\" \/><\/figure>\n<\/figure>\n\n\n\n<div style=\"height:100px\" aria-hidden=\"true\" class=\"wp-block-spacer\"><\/div>\n\n\n\n<h2 class=\"wp-block-heading\"><strong><s>Malgr\u00e9 les discours, Ivry et Vitry ont fait le choix de rester\u00a0les territoires servants de Paris.\u00a0<\/s><\/strong><\/h2>\n\n\n\n<p>Si cette zone doit rester un territoire industriel et inondable, comment justifier alors son aussi forte densification ? Comment oser parler d&rsquo;urbanisme favorable \u00e0 la sant\u00e9 comme \u00e9nonc\u00e9 dans le dernier PLUI ? Pour rappel, l&rsquo;Observatoire r\u00e9gional de sant\u00e9 d&rsquo;Ile-de-France a mis en \u00e9vidence&nbsp;<a href=\"https:\/\/us7.mailchimp.com\/mctx\/clicks?url=https%3A%2F%2Fwww.ors-idf.org%2Ffileadmin%2FDataStorageKit%2FORS%2FEtudes%2F2025%2FMortalite_et_cancer%2FORS_FOCUScancers2025_Vd.pdf&amp;xid=ee7a73539d&amp;uid=108349134&amp;iid=24d9d07316&amp;pool=cts&amp;v=2&amp;c=1769128029&amp;h=0c3d1bf3ba499e9244ea90b4ac210377f70b954d5e1359c09a49db4318355811\" target=\"_blank\" rel=\"noreferrer noopener\">un cluster de cancer<\/a>&nbsp;dans le Val-de-Marne en 2025.<br><br><br>Le chauffage urbain fait \u00e0 partir de d\u00e9chets, qui seront dans ce cas particulier collect\u00e9s dans un rayon de 300 km, n&rsquo;est ni une \u00e9nergie verte, ni une \u00e9nergie peu co\u00fbteuse. En effet, \u00e0 Paris et \u00e0 Ivry, les habitants qui se raccordent au chauffage urbain paient plus cher pour se chauffer contrairement aux promesses faites lors de la construction des ces mastodontes. On parle ici de 2,5 milliards d\u2019euros d\u2019investissement public !<br><br><br>L\u2019\u00e9nergie produite par le bois de r\u00e9cup\u00e9ration n&rsquo;est certainement pas une \u00e9nergie bonne pour la sant\u00e9. Les effets sanitaires du chauffage au bois, et en particulier au bois de r\u00e9cup\u00e9ration qui comporte des vernis toxiques et du formald\u00e9hyde, sont bien connus.<br><br>Les habitants du Val-de-Marne respirent les fum\u00e9es de la combustion de deux fois plus de d\u00e9chets par habitant que les autres habitants d\u2019Ile-de-France. Cela correspond \u00e0 54 fois plus de d\u00e9chets br\u00fbl\u00e9s par km2 par rapport aux habitants de Seine-et-Marne alors que nous ne produisons pas plus de d\u00e9chets par habitant que les autres Franciliens.<br><br><br><strong>Les industriels vont nous traiter de NIMBY (not in my back yard) mais il serait plus juste de parler de NOIMBY (not only in my back yard).<\/strong><br><br>En effet l\u2019expression NIMBY a \u00e9t\u00e9 cr\u00e9\u00e9e aux USA pour parler des habitants de quartiers riches et souvent \u00ab\u00a0blancs\u00a0\u00bb qui refusaient des installations polluantes pour qu&rsquo;elles soient install\u00e9es dans des quartiers avec des populations pr\u00e9caires et souvent \u00ab\u00a0noires\u00a0\u00bb.<br><br>Or les villes de Vitry et d&rsquo;Ivry sont des villes populaires avec des populations pr\u00e9caires.<\/p>\n\n\n\n<div style=\"height:45px\" aria-hidden=\"true\" class=\"wp-block-spacer\"><\/div>\n\n\n\n<h2 class=\"wp-block-heading\"><strong><s>Est-ce pour cela que l&rsquo;on y met toutes les installations polluantes\u00a0qui servent pour les Parisiens ?<\/s><\/strong><\/h2>\n\n\n\n<div style=\"height:100px\" aria-hidden=\"true\" class=\"wp-block-spacer\"><\/div>\n\n\n\n<p><strong>Le Collectif 3R\u00a0<\/strong>(R\u00e9duire, R\u00e9utiliser, Recycler) est une association cr\u00e9\u00e9e en 2010 qui milite pour le d\u00e9veloppement d&rsquo;une politique vertueuse de r\u00e9duction des d\u00e9chets et pour prot\u00e9ger les habitants d&rsquo;installations polluantes (incin\u00e9rateurs d\u2019ordures m\u00e9nag\u00e8res, d\u00e9charges, tri m\u00e9cano-biologique&#8230;).\u00a0<br><br><strong>Urbanicc<\/strong>\u00a0est une association ind\u00e9pendante qui milite pour une participation r\u00e9elle des habitants d\u2019Ivry-sur-Seine \u00e0 la fabrique de la ville, et pour qu\u2019ils puissent peser sur les d\u00e9cisions qui ont un impact sur leur cadre de vie.<br><br><strong>L&rsquo;association Passerelles<\/strong>\u00a0a pour objet l\u2019am\u00e9lioration de l\u2019environnement, de l\u2019urbanisme et du cadre de vie des habitants du quartier Ivry-Port.<\/p>\n\n\n\n<p>Contact presse: 06 22 93 01 98<br><a href=\"mailto:collectif3r@gmail.com\" target=\"_blank\" rel=\"noreferrer noopener\">collectif3r@gmail.com<\/a><\/p>\n\n\n\n<div style=\"height:164px\" aria-hidden=\"true\" class=\"wp-block-spacer\"><\/div>\n","protected":false},"excerpt":{"rendered":"<p>communiqu\u00e9 de presse &#8211; 23 janvier 2026 Ivry-sur-Seine, le 22 janvier 2026 &#8211; La publication le 22 janvier 2026 d\u2019un article dans Les Echos r\u00e9v\u00e8le qu\u2019un nouvel incin\u00e9rateur de d\u00e9chets type CSR et\/ou bois de r\u00e9cup\u00e9ration est en projet \u00e0 Vitry-sur-Seine. Ce projet est d\u00e9crit dans une&nbsp;d\u00e9lib\u00e9ration&nbsp;de la Ville de&#46;&#46;&#46;<\/p>\n","protected":false},"author":10,"featured_media":7155,"comment_status":"closed","ping_status":"closed","sticky":false,"template":"","format":"standard","meta":{"_exactmetrics_skip_tracking":false,"_exactmetrics_sitenote_active":false,"_exactmetrics_sitenote_note":"","_exactmetrics_sitenote_category":0,"ngg_post_thumbnail":0,"footnotes":""},"categories":[1],"tags":[],"class_list":["post-7151","post","type-post","status-publish","format-standard","has-post-thumbnail","hentry","category-non-classe"],"_links":{"self":[{"href":"https:\/\/urbanicc.fr\/index.php\/wp-json\/wp\/v2\/posts\/7151","targetHints":{"allow":["GET"]}}],"collection":[{"href":"https:\/\/urbanicc.fr\/index.php\/wp-json\/wp\/v2\/posts"}],"about":[{"href":"https:\/\/urbanicc.fr\/index.php\/wp-json\/wp\/v2\/types\/post"}],"author":[{"embeddable":true,"href":"https:\/\/urbanicc.fr\/index.php\/wp-json\/wp\/v2\/users\/10"}],"replies":[{"embeddable":true,"href":"https:\/\/urbanicc.fr\/index.php\/wp-json\/wp\/v2\/comments?post=7151"}],"version-history":[{"count":2,"href":"https:\/\/urbanicc.fr\/index.php\/wp-json\/wp\/v2\/posts\/7151\/revisions"}],"predecessor-version":[{"id":7156,"href":"https:\/\/urbanicc.fr\/index.php\/wp-json\/wp\/v2\/posts\/7151\/revisions\/7156"}],"wp:featuredmedia":[{"embeddable":true,"href":"https:\/\/urbanicc.fr\/index.php\/wp-json\/wp\/v2\/media\/7155"}],"wp:attachment":[{"href":"https:\/\/urbanicc.fr\/index.php\/wp-json\/wp\/v2\/media?parent=7151"}],"wp:term":[{"taxonomy":"category","embeddable":true,"href":"https:\/\/urbanicc.fr\/index.php\/wp-json\/wp\/v2\/categories?post=7151"},{"taxonomy":"post_tag","embeddable":true,"href":"https:\/\/urbanicc.fr\/index.php\/wp-json\/wp\/v2\/tags?post=7151"}],"curies":[{"name":"wp","href":"https:\/\/api.w.org\/{rel}","templated":true}]}}