{"id":6928,"date":"2025-05-26T23:56:20","date_gmt":"2025-05-26T21:56:20","guid":{"rendered":"https:\/\/urbanicc.fr\/?p=6928"},"modified":"2025-05-26T23:56:21","modified_gmt":"2025-05-26T21:56:21","slug":"participez-a-lenquete-publique-plan-local-durbanisme-intercommunal-plui","status":"publish","type":"post","link":"https:\/\/urbanicc.fr\/index.php\/2025\/05\/26\/participez-a-lenquete-publique-plan-local-durbanisme-intercommunal-plui\/","title":{"rendered":"Participez \u00e0 l&rsquo;enqu\u00eate publique &#8211; Plan Local d\u2019Urbanisme Intercommunal (PLUi)"},"content":{"rendered":"\n<h3 class=\"wp-block-heading\"><s>Ce plan concerne des projets qui vont impacter notre cadre de vie dans les prochaines ann\u00e9es, c\u2019est le moment o\u00f9 jamais pour se renseigner et s\u2019exprimer.<\/s><\/h3>\n\n\n\n<div style=\"height:37px\" aria-hidden=\"true\" class=\"wp-block-spacer\"><\/div>\n\n\n\n<p>Il ne reste plus qu\u2019une seule permanence pour rencontrer la commissaire-enqu\u00eatrice :<\/p>\n\n\n\n<p class=\"has-luminous-vivid-amber-background-color has-background\"><strong>O\u00f9 ?   <span class=\"wp-rich-text-font-awesome-icon wp-font-awesome-icon\"><svg aria-hidden=\"true\" focusable=\"false\" data-prefix=\"fas\" data-icon=\"right-long\" class=\"svg-inline--fa fa-right-long \" role=\"img\" xmlns=\"http:\/\/www.w3.org\/2000\/svg\" viewBox=\"0 0 512 512\"><path fill=\"currentColor\" d=\"M334.5 414c8.8 3.8 19 2 26-4.6l144-136c4.8-4.5 7.5-10.8 7.5-17.4s-2.7-12.9-7.5-17.4l-144-136c-7-6.6-17.2-8.4-26-4.6s-14.5 12.5-14.5 22l0 72L32 192c-17.7 0-32 14.3-32 32l0 64c0 17.7 14.3 32 32 32l288 0 0 72c0 9.6 5.7 18.2 14.5 22z\"><\/path><\/svg><\/span><\/strong>   <strong>Salle 1 &#8211; espace Robespierre, 2 rue Robespierre<br><br>Quand ?   <\/strong><span class=\"wp-rich-text-font-awesome-icon wp-font-awesome-icon\"><svg aria-hidden=\"true\" focusable=\"false\" data-prefix=\"fas\" data-icon=\"right-long\" class=\"svg-inline--fa fa-right-long \" role=\"img\" xmlns=\"http:\/\/www.w3.org\/2000\/svg\" viewBox=\"0 0 512 512\"><path fill=\"currentColor\" d=\"M334.5 414c8.8 3.8 19 2 26-4.6l144-136c4.8-4.5 7.5-10.8 7.5-17.4s-2.7-12.9-7.5-17.4l-144-136c-7-6.6-17.2-8.4-26-4.6s-14.5 12.5-14.5 22l0 72L32 192c-17.7 0-32 14.3-32 32l0 64c0 17.7 14.3 32 32 32l288 0 0 72c0 9.6 5.7 18.2 14.5 22z\"><\/path><\/svg><\/span>   <strong>jeudi 19 juin de 14h \u00e0 17h<\/strong><\/p>\n\n\n\n<div style=\"height:100px\" aria-hidden=\"true\" class=\"wp-block-spacer\"><\/div>\n\n\n\n<p><\/p>\n\n\n\n<h2 class=\"wp-block-heading\"><s><strong>Les impacts majeurs du PLUi sur Ivry-Port :<\/strong><\/s><\/h2>\n\n\n\n<div style=\"height:19px\" aria-hidden=\"true\" class=\"wp-block-spacer\"><\/div>\n\n\n\n<h3 class=\"wp-block-heading\"><span class=\"wp-rich-text-font-awesome-icon wp-font-awesome-icon\"><svg aria-hidden=\"true\" focusable=\"false\" data-prefix=\"fas\" data-icon=\"hand-point-right\" class=\"svg-inline--fa fa-hand-point-right fa-fade \" role=\"img\" xmlns=\"http:\/\/www.w3.org\/2000\/svg\" viewBox=\"0 0 512 512\" style=\"font-size:1em\" color=\"#ff0000\"><path fill=\"currentColor\" d=\"M480 96c17.7 0 32 14.3 32 32s-14.3 32-32 32l-208 0 0-64 208 0zM320 288c17.7 0 32 14.3 32 32s-14.3 32-32 32l-64 0c-17.7 0-32-14.3-32-32s14.3-32 32-32l64 0zm64-64c0 17.7-14.3 32-32 32l-48 0c-17.7 0-32-14.3-32-32s14.3-32 32-32l48 0c17.7 0 32 14.3 32 32zM288 384c17.7 0 32 14.3 32 32s-14.3 32-32 32l-64 0c-17.7 0-32-14.3-32-32s14.3-32 32-32l64 0zm-88-96l.6 0c-5.4 9.4-8.6 20.3-8.6 32c0 13.2 4 25.4 10.8 35.6C177.9 364.3 160 388.1 160 416c0 11.7 3.1 22.6 8.6 32l-8.6 0C71.6 448 0 376.4 0 288l0-61.7c0-42.4 16.9-83.1 46.9-113.1l11.6-11.6C82.5 77.5 115.1 64 149 64l27 0c35.3 0 64 28.7 64 64l0 88c0 22.1-17.9 40-40 40s-40-17.9-40-40l0-56c0-8.8-7.2-16-16-16s-16 7.2-16 16l0 56c0 39.8 32.2 72 72 72z\"><\/path><\/svg><\/span> <s>Quais d\u2019Ivry , le centre commercial Carrefour<\/s><\/h3>\n\n\n\n<p>Le centre commercial Quais d\u2019Ivry va \u00eatre d\u00e9moli et remplac\u00e9 par un nouveau quartier mixte de 1600 logements, d\u2018activit\u00e9s et de commerces avec un d\u00e9placement de Carrefour de l\u2019autre c\u00f4t\u00e9 de la rue Westermeyer et la cr\u00e9ation d\u2019un jardin public de pleine terre au centre du quartier.<\/p>\n\n\n\n<p>Lors de la concertation les habitants ont approuv\u00e9 la d\u00e9molition de ce centre tr\u00e8s d\u00e9grad\u00e9. Mais le<br>projet de reconstruction soul\u00e8ve beaucoup d\u2019inqui\u00e9tudes et d\u2019interrogations :<\/p>\n\n\n\n<figure class=\"wp-block-image size-large\"><img loading=\"lazy\" decoding=\"async\" width=\"1024\" height=\"574\" src=\"https:\/\/urbanicc.fr\/wp-content\/uploads\/2025\/05\/image-2-1024x574.png\" alt=\"\" class=\"wp-image-6929\" srcset=\"https:\/\/urbanicc.fr\/wp-content\/uploads\/2025\/05\/image-2-1024x574.png 1024w, https:\/\/urbanicc.fr\/wp-content\/uploads\/2025\/05\/image-2-300x168.png 300w, https:\/\/urbanicc.fr\/wp-content\/uploads\/2025\/05\/image-2-768x431.png 768w, https:\/\/urbanicc.fr\/wp-content\/uploads\/2025\/05\/image-2.png 1237w\" sizes=\"auto, (max-width: 1024px) 100vw, 1024px\" \/><\/figure>\n\n\n\n<ul class=\"wp-block-list\">\n<li>Le projet pr\u00e9voit un quartier de tours (8 tours de 16 \u00e9tages), un quartier extr\u00eamement dense sur un site avec des risques majeurs (inondations, pollution de l\u2019incin\u00e9rateur) et sans moyens de transport adapt\u00e9s (m\u00e9tro, tramway). Ce nouveau quartier accueillera plus de 3000 habitants, 4 fois la cit\u00e9 Maurice Thorez.<\/li>\n\n\n\n<li>Il n\u2019y a pas d\u2019engagement pr\u00e9cis sur la requalification de la cit\u00e9 des Fauconni\u00e8res, limitrophe du centre.<\/li>\n\n\n\n<li>Les conditions d\u2019acc\u00e8s public du jardin ne sont pas garanties.<\/li>\n\n\n\n<li>Les besoins d\u2019\u00e9quipements publics g\u00e9n\u00e9r\u00e9s par cette arriv\u00e9e de population ne sont pas pris en compte (cr\u00e8ches, piscine, gymnase, salles associatives\u2026)<\/li>\n\n\n\n<li>L\u2019ouverture sur la Seine tr\u00e8s demand\u00e9e pas les habitants n\u2019aura pas de r\u00e9alit\u00e9 avec le front b\u00e2ti pr\u00e9vu de 3 hauts immeubles.<\/li>\n\n\n\n<li>Il est regrettable qu\u2019\u00e0 l\u2019angle des rues Jean Jacques Rousseau et Westermeyer le square pr\u00e9vu dans le 1 projet ait \u00e9t\u00e9 remplac\u00e9 par un ensemble massif d\u2019immeubles.<\/li>\n<\/ul>\n\n\n\n<div style=\"height:100px\" aria-hidden=\"true\" class=\"wp-block-spacer\"><\/div>\n\n\n\n<h3 class=\"wp-block-heading\"><span class=\"wp-rich-text-font-awesome-icon wp-font-awesome-icon\"><svg aria-hidden=\"true\" focusable=\"false\" data-prefix=\"fas\" data-icon=\"hand-point-right\" class=\"svg-inline--fa fa-hand-point-right fa-fade \" role=\"img\" xmlns=\"http:\/\/www.w3.org\/2000\/svg\" viewBox=\"0 0 512 512\" style=\"font-size:1em\" color=\"#ff0000\"><path fill=\"currentColor\" d=\"M480 96c17.7 0 32 14.3 32 32s-14.3 32-32 32l-208 0 0-64 208 0zM320 288c17.7 0 32 14.3 32 32s-14.3 32-32 32l-64 0c-17.7 0-32-14.3-32-32s14.3-32 32-32l64 0zm64-64c0 17.7-14.3 32-32 32l-48 0c-17.7 0-32-14.3-32-32s14.3-32 32-32l48 0c17.7 0 32 14.3 32 32zM288 384c17.7 0 32 14.3 32 32s-14.3 32-32 32l-64 0c-17.7 0-32-14.3-32-32s14.3-32 32-32l64 0zm-88-96l.6 0c-5.4 9.4-8.6 20.3-8.6 32c0 13.2 4 25.4 10.8 35.6C177.9 364.3 160 388.1 160 416c0 11.7 3.1 22.6 8.6 32l-8.6 0C71.6 448 0 376.4 0 288l0-61.7c0-42.4 16.9-83.1 46.9-113.1l11.6-11.6C82.5 77.5 115.1 64 149 64l27 0c35.3 0 64 28.7 64 64l0 88c0 22.1-17.9 40-40 40s-40-17.9-40-40l0-56c0-8.8-7.2-16-16-16s-16 7.2-16 16l0 56c0 39.8 32.2 72 72 72z\"><\/path><\/svg><\/span> <s>Incin\u00e9rateur Ivry Paris-XIII<\/s><\/h3>\n\n\n\n<p>Le Syctom s\u2019appr\u00eate \u00e0 d\u00e9molir l\u2019ancienne usine pour y installer une activit\u00e9 industrielle en parall\u00e8le du nouvel incin\u00e9rateur. L\u00e0 encore les d\u00e9tails sont flous : Relocalisation de la centrale au gaz CPCU d\u2019Ivry Confluences ? Transfert ou traitement partiel des d\u00e9chets organiques?<\/p>\n\n\n\n<p>Adieu l\u2019espace vert pr\u00e8s de l\u2019incin\u00e9rateur, fini l\u2019axe de circulation douce \u00e0 travers l\u2019ilot de l\u2019incin\u00e9rateur !<\/p>\n\n\n\n<figure class=\"wp-block-image size-full\"><img loading=\"lazy\" decoding=\"async\" width=\"771\" height=\"846\" src=\"https:\/\/urbanicc.fr\/wp-content\/uploads\/2025\/05\/image-3.png\" alt=\"\" class=\"wp-image-6930\" srcset=\"https:\/\/urbanicc.fr\/wp-content\/uploads\/2025\/05\/image-3.png 771w, https:\/\/urbanicc.fr\/wp-content\/uploads\/2025\/05\/image-3-273x300.png 273w, https:\/\/urbanicc.fr\/wp-content\/uploads\/2025\/05\/image-3-768x843.png 768w\" sizes=\"auto, (max-width: 771px) 100vw, 771px\" \/><\/figure>\n","protected":false},"excerpt":{"rendered":"<p>Ce plan concerne des projets qui vont impacter notre cadre de vie dans les prochaines ann\u00e9es, c\u2019est le moment o\u00f9 jamais pour se renseigner et s\u2019exprimer. Il ne reste plus qu\u2019une seule permanence pour rencontrer la commissaire-enqu\u00eatrice : O\u00f9 ? Salle 1 &#8211; espace Robespierre, 2 rue Robespierre Quand ?&#46;&#46;&#46;<\/p>\n","protected":false},"author":10,"featured_media":6932,"comment_status":"closed","ping_status":"closed","sticky":false,"template":"","format":"standard","meta":{"_exactmetrics_skip_tracking":false,"_exactmetrics_sitenote_active":false,"_exactmetrics_sitenote_note":"","_exactmetrics_sitenote_category":0,"ngg_post_thumbnail":0,"footnotes":""},"categories":[1],"tags":[],"class_list":["post-6928","post","type-post","status-publish","format-standard","has-post-thumbnail","hentry","category-non-classe"],"_links":{"self":[{"href":"https:\/\/urbanicc.fr\/index.php\/wp-json\/wp\/v2\/posts\/6928","targetHints":{"allow":["GET"]}}],"collection":[{"href":"https:\/\/urbanicc.fr\/index.php\/wp-json\/wp\/v2\/posts"}],"about":[{"href":"https:\/\/urbanicc.fr\/index.php\/wp-json\/wp\/v2\/types\/post"}],"author":[{"embeddable":true,"href":"https:\/\/urbanicc.fr\/index.php\/wp-json\/wp\/v2\/users\/10"}],"replies":[{"embeddable":true,"href":"https:\/\/urbanicc.fr\/index.php\/wp-json\/wp\/v2\/comments?post=6928"}],"version-history":[{"count":11,"href":"https:\/\/urbanicc.fr\/index.php\/wp-json\/wp\/v2\/posts\/6928\/revisions"}],"predecessor-version":[{"id":6947,"href":"https:\/\/urbanicc.fr\/index.php\/wp-json\/wp\/v2\/posts\/6928\/revisions\/6947"}],"wp:featuredmedia":[{"embeddable":true,"href":"https:\/\/urbanicc.fr\/index.php\/wp-json\/wp\/v2\/media\/6932"}],"wp:attachment":[{"href":"https:\/\/urbanicc.fr\/index.php\/wp-json\/wp\/v2\/media?parent=6928"}],"wp:term":[{"taxonomy":"category","embeddable":true,"href":"https:\/\/urbanicc.fr\/index.php\/wp-json\/wp\/v2\/categories?post=6928"},{"taxonomy":"post_tag","embeddable":true,"href":"https:\/\/urbanicc.fr\/index.php\/wp-json\/wp\/v2\/tags?post=6928"}],"curies":[{"name":"wp","href":"https:\/\/api.w.org\/{rel}","templated":true}]}}