{"id":6674,"date":"2024-11-20T20:15:50","date_gmt":"2024-11-20T19:15:50","guid":{"rendered":"https:\/\/urbanicc.fr\/?p=6674"},"modified":"2024-12-16T23:26:58","modified_gmt":"2024-12-16T22:26:58","slug":"ivry-port-promotion-du-plan-de-vegetalisation-citoyen-aupres-des-elus","status":"publish","type":"post","link":"https:\/\/urbanicc.fr\/index.php\/2024\/11\/20\/ivry-port-promotion-du-plan-de-vegetalisation-citoyen-aupres-des-elus\/","title":{"rendered":"Ivry-Port : promotion du plan de v\u00e9g\u00e9talisation citoyen aupr\u00e8s des \u00e9lus"},"content":{"rendered":"\n<h3 class=\"wp-block-heading\"><s>Le 11 juillet, URBANICC a rencontr\u00e9 des \u00e9lus pour promouvoir le plan citoyen de v\u00e9g\u00e9talisation d&rsquo;Ivry-Port. Cette rencontre a mis en avant les initiatives locales align\u00e9es avec le plan climat de la ville et a renforc\u00e9 le dialogue entre citoyens et \u00e9lus pour un quartier plus vert dans sa globalit\u00e9.<\/s><\/h3>\n\n\n\n<div style=\"height:100px\" aria-hidden=\"true\" class=\"wp-block-spacer\"><\/div>\n\n\n\n<div class=\"wp-block-columns is-layout-flex wp-container-core-columns-is-layout-9d6595d7 wp-block-columns-is-layout-flex\">\n<div class=\"wp-block-column is-layout-flow wp-block-column-is-layout-flow\" style=\"flex-basis:66.66%\">\n<h3 class=\"wp-block-heading\"><s>R\u00e9union du 11 juillet : Avanc\u00e9es et d\u00e9fis des initiatives \u00e9cologiques<\/s><\/h3>\n\n\n\n<p>Le 11 juillet dernier, une r\u00e9union s&rsquo;est tenue avec l\u2019\u00e9lu en charge de l\u2019\u00e9cologie urbaine et l\u2019\u00e9lu en charge de l\u2019am\u00e9nagement de la ville, o\u00f9 aucun technicien n&rsquo;\u00e9tait pr\u00e9sent. Les discussions ont port\u00e9 sur les efforts en mati\u00e8re de climat et de biodiversit\u00e9, ainsi que sur les d\u00e9fis auxquels les initiatives citoyennes sont confront\u00e9es.<\/p>\n\n\n\n<div style=\"height:31px\" aria-hidden=\"true\" class=\"wp-block-spacer\"><\/div>\n\n\n\n<h3 class=\"wp-block-heading\"><s>Alignement sur le plan climat<\/s><\/h3>\n\n\n\n<p>Les deux \u00e9lus ont reconnu que les propositions citoyennes port\u00e9es par Urbanicc, s&rsquo;alignent pleinement avec le plan climat de la ville. Il a \u00e9t\u00e9 not\u00e9 que ces propositions convergent avec celles des experts, Coloco et Base.<\/p>\n\n\n\n<div style=\"height:31px\" aria-hidden=\"true\" class=\"wp-block-spacer\"><\/div>\n\n\n\n<h3 class=\"wp-block-heading\"><s>Difficult\u00e9s op\u00e9rationnelles<\/s><\/h3>\n\n\n\n<p>Selon les \u00e9lus, les op\u00e9rations \u00ab\u00a0commando\u00a0\u00bb de Base n&rsquo;ont pas abouti en raison de limitations au sein du service municipal des espaces verts, notamment des postes non pourvus et des pratiques nouvelles encore \u00e0 int\u00e9grer.<\/p>\n\n\n\n<p>Esp\u00e9rons que les propositions citoyennes convaincront de la n\u00e9cessit\u00e9 d&rsquo;acc\u00e9l\u00e9rer la r\u00e9alisation d&rsquo;un plan d&rsquo;op\u00e9rations \u201ccommandos\u201d, projet port\u00e9 par la ma\u00eetrise d&rsquo;\u0153uvre d\u00e9s l&rsquo;\u00e9tude du nouveau plan POP de la ZAC.<\/p>\n\n\n\n<div style=\"height:32px\" aria-hidden=\"true\" class=\"wp-block-spacer\"><\/div>\n\n\n\n<h3 class=\"wp-block-heading\"><s>Plan d&rsquo;action biodiversit\u00e9<\/s><\/h3>\n\n\n\n<p>Le plan d&rsquo;action propos\u00e9 par Coloco sert de guide \u00e0 la ville.  Les \u00e9lus ont approuv\u00e9 la publication de ce document apr\u00e8s son passage en Conseil Municipal.<\/p>\n<\/div>\n\n\n\n<div class=\"wp-block-column urbanicc_background urbanicc_column_right is-layout-flow wp-block-column-is-layout-flow\" style=\"flex-basis:33.33%\">\n<h3 class=\"wp-block-heading\">Prochaine \u00e9tape<\/h3>\n\n\n\n<p><\/p>\n\n\n\n<div style=\"height:20px\" aria-hidden=\"true\" class=\"wp-block-spacer\"><\/div>\n\n\n\n<p class=\"has-text-align-center\"><strong>L&rsquo;Ap\u00e9ro du projet<\/strong><\/p>\n\n\n\n<p class=\"has-text-align-center\">Comment v\u00e9g\u00e9taliser les micro-espaces publics du quartier ?<\/p>\n\n\n\n<p class=\"has-text-align-center\">Mercredi 26 Novembre<br>\u00c0 18h<\/p>\n\n\n\n<p class=\"has-text-align-center\">La Miroiterie<br>110 boulevard Paul-Vaillant Couturier<\/p>\n\n\n\n<figure class=\"wp-block-image size-full\"><img loading=\"lazy\" decoding=\"async\" width=\"600\" height=\"848\" src=\"https:\/\/urbanicc.fr\/wp-content\/uploads\/2024\/11\/image.png\" alt=\"\" class=\"wp-image-6677\" srcset=\"https:\/\/urbanicc.fr\/wp-content\/uploads\/2024\/11\/image.png 600w, https:\/\/urbanicc.fr\/wp-content\/uploads\/2024\/11\/image-212x300.png 212w\" sizes=\"auto, (max-width: 600px) 100vw, 600px\" \/><\/figure>\n<\/div>\n<\/div>\n\n\n\n<div style=\"height:30px\" aria-hidden=\"true\" class=\"wp-block-spacer\"><\/div>\n\n\n\n<h3 class=\"wp-block-heading\"><s>Programme d&rsquo;action par quartier<\/s><\/h3>\n\n\n\n<p>Un premier programme d&rsquo;action a \u00e9t\u00e9 arr\u00eat\u00e9, incluant en particulier un r\u00e9am\u00e9nagement de la place de l&rsquo;Insurrection \u00e0 Ivry Port. Ce programme fera l&rsquo;objet de r\u00e9unions publiques dans chaque quartier, malgr\u00e9 des moyens financiers tr\u00e8s limit\u00e9s de 300.000\u20ac par tranche de deux ans, compl\u00e9t\u00e9s par des subventions.<\/p>\n\n\n\n<p><strong>Si le r\u00e9am\u00e9nagement de la place de l&rsquo;insurrection nous semble une bonne initiative, nous craignons que les moyens financiers allou\u00e9s soient insuffisants. Par ailleurs il nous semble important que l&rsquo;\u00e9tude du plan de r\u00e9am\u00e9nagement de cette place s&rsquo;inscrive dans une \u00e9tude globale des r\u00e9ponses aux besoins d&rsquo;espaces publics de proximit\u00e9 des habitants de ce secteur de la ZAC.<\/strong><\/p>\n\n\n\n<div style=\"height:31px\" aria-hidden=\"true\" class=\"wp-block-spacer\"><\/div>\n\n\n\n<h3 class=\"wp-block-heading\"><s>D\u00e9marche commune<\/s><\/h3>\n\n\n\n<p>Les \u00e9lus ont propos\u00e9 une analyse commune des propositions citoyennes en fonction des contraintes techniques et financi\u00e8res. Cela inclura un atelier public en novembre pour distinguer les opportunit\u00e9s de mise en \u0153uvre et les projets n\u00e9cessitant des am\u00e9nagements plus lourds. L&rsquo;objectif est d&rsquo;aboutir \u00e0 un plan d&rsquo;actions concert\u00e9 sur 4 \u00e0 5 ans.<\/p>\n\n\n\n<div style=\"height:54px\" aria-hidden=\"true\" class=\"wp-block-spacer\"><\/div>\n\n\n\n<p><\/p>\n\n\n\n<h2 class=\"wp-block-heading has-background\" style=\"background-color:#ffe000\"><s>Cette r\u00e9union marque une \u00e9tape importante dans l&rsquo;engagement des citoyens et des \u00e9lus pour un d\u00e9veloppement urbain durable et concert\u00e9 du quartier.<\/s><br><br><s>Nous esp\u00e9rons que ce processus collaboratif r\u00e9pondra \u00e0 nos attentes. Nous vous invitons \u00e0 venir nombreux \u00e0 la r\u00e9union du 26 novembre pour porter vos propositions de v\u00e9g\u00e9talisation de l&rsquo;espace public.<\/s><\/h2>\n\n\n\n<div style=\"height:11px\" aria-hidden=\"true\" class=\"wp-block-spacer\"><\/div>\n\n\n\n<p><\/p>\n\n\n\n<h3 class=\"wp-block-heading\">Rappel : <a href=\"https:\/\/urbanicc.fr\/index.php\/carte-de-vegetalisation-de-ivry-port\/\">les propositions des habitants sous la forme d&rsquo;une carte citoyenne de micro-v\u00e9g\u00e9talisation<\/a><\/h3>\n\n\n\n<div style=\"height:95px\" aria-hidden=\"true\" class=\"wp-block-spacer\"><\/div>\n\n\n\n<h3 class=\"wp-block-heading\"><s>Bien sur, si nous approuvons cette d\u00e9marche de la ville, nous devrons rester vigilants\u00a0pour que la\u00a0 v\u00e9g\u00e9talisation dans le quartier ne soit pas superficielle et symbolique.<\/s><\/h3>\n\n\n\n<p>L&rsquo;enjeu de la v\u00e9g\u00e9talisation n&rsquo;est pas un enjeu cosm\u00e9tique, il s&rsquo;agit:<\/p>\n\n\n\n<ul class=\"wp-block-list\">\n<li>d&rsquo;un enjeu vital dans une <strong>zone inondable comme Ivry-Port<\/strong>,\u00a0<\/li>\n\n\n\n<li>d&rsquo;un enjeu de vivre ensemble dans un futur <strong>quartier que la ville souhaite dens\u00e9ment habit\u00e9<\/strong><\/li>\n\n\n\n<li>d&rsquo;un enjeu d&rsquo;adaptabilit\u00e9 au<strong> changement climatique dans un monde qui sera possiblement \u00e0 +4\u00b0C<\/strong> en 2100.<\/li>\n<\/ul>\n\n\n\n<p><\/p>\n\n\n\n<div style=\"height:140px\" aria-hidden=\"true\" class=\"wp-block-spacer\"><\/div>\n","protected":false},"excerpt":{"rendered":"<p>Le 11 juillet, URBANICC a rencontr\u00e9 des \u00e9lus pour promouvoir le plan citoyen de v\u00e9g\u00e9talisation d&rsquo;Ivry-Port. Cette rencontre a mis en avant les initiatives locales align\u00e9es avec le plan climat de la ville et a renforc\u00e9 le dialogue entre citoyens et \u00e9lus pour un quartier plus vert dans sa globalit\u00e9.&#46;&#46;&#46;<\/p>\n","protected":false},"author":10,"featured_media":6712,"comment_status":"closed","ping_status":"closed","sticky":false,"template":"","format":"standard","meta":{"_exactmetrics_skip_tracking":false,"_exactmetrics_sitenote_active":false,"_exactmetrics_sitenote_note":"","_exactmetrics_sitenote_category":0,"ngg_post_thumbnail":0,"footnotes":""},"categories":[1],"tags":[],"class_list":["post-6674","post","type-post","status-publish","format-standard","has-post-thumbnail","hentry","category-non-classe"],"_links":{"self":[{"href":"https:\/\/urbanicc.fr\/index.php\/wp-json\/wp\/v2\/posts\/6674","targetHints":{"allow":["GET"]}}],"collection":[{"href":"https:\/\/urbanicc.fr\/index.php\/wp-json\/wp\/v2\/posts"}],"about":[{"href":"https:\/\/urbanicc.fr\/index.php\/wp-json\/wp\/v2\/types\/post"}],"author":[{"embeddable":true,"href":"https:\/\/urbanicc.fr\/index.php\/wp-json\/wp\/v2\/users\/10"}],"replies":[{"embeddable":true,"href":"https:\/\/urbanicc.fr\/index.php\/wp-json\/wp\/v2\/comments?post=6674"}],"version-history":[{"count":20,"href":"https:\/\/urbanicc.fr\/index.php\/wp-json\/wp\/v2\/posts\/6674\/revisions"}],"predecessor-version":[{"id":6708,"href":"https:\/\/urbanicc.fr\/index.php\/wp-json\/wp\/v2\/posts\/6674\/revisions\/6708"}],"wp:featuredmedia":[{"embeddable":true,"href":"https:\/\/urbanicc.fr\/index.php\/wp-json\/wp\/v2\/media\/6712"}],"wp:attachment":[{"href":"https:\/\/urbanicc.fr\/index.php\/wp-json\/wp\/v2\/media?parent=6674"}],"wp:term":[{"taxonomy":"category","embeddable":true,"href":"https:\/\/urbanicc.fr\/index.php\/wp-json\/wp\/v2\/categories?post=6674"},{"taxonomy":"post_tag","embeddable":true,"href":"https:\/\/urbanicc.fr\/index.php\/wp-json\/wp\/v2\/tags?post=6674"}],"curies":[{"name":"wp","href":"https:\/\/api.w.org\/{rel}","templated":true}]}}