{"id":6423,"date":"2024-09-14T20:08:38","date_gmt":"2024-09-14T18:08:38","guid":{"rendered":"https:\/\/urbanicc.fr\/?p=6423"},"modified":"2024-09-23T23:22:56","modified_gmt":"2024-09-23T21:22:56","slug":"passage-de-la-minoterie-bientot-le-retour-des-banderoles","status":"publish","type":"post","link":"https:\/\/urbanicc.fr\/index.php\/2024\/09\/14\/passage-de-la-minoterie-bientot-le-retour-des-banderoles\/","title":{"rendered":"Passage de la Minoterie &#8211; bient\u00f4t le retour des banderoles ?"},"content":{"rendered":"\n<h3 class=\"wp-block-heading\"><s>Rappelez vous : en 2021, face \u00e0 Philippe Bouyssou, les riverains du Passage de la Minoterie manifestaient leur col\u00e8re en raison des nuisances auxquelles ils \u00e9taient confront\u00e9s de jour comme de nuit. Apr\u00e8s plusieurs rencontres organis\u00e9es par la ville, l&rsquo;am\u00e9nagement d&rsquo;un parc temporaire rue des Lampes et la mise en place de barri\u00e8res, la situation est toujours pr\u00e9occupante.<\/s><\/h3>\n\n\n\n<div style=\"height:70px\" aria-hidden=\"true\" class=\"wp-block-spacer\"><\/div>\n\n\n\nngg_shortcode_0_placeholder\n\n\n\n<p class=\"has-text-align-center\"><sup>Photos lors de l&rsquo;inauguration des r\u00e9sidences Minoterie et Le Val &#8211; 17 septembre 2021<\/sup><\/p>\n\n\n\n<div style=\"height:100px\" aria-hidden=\"true\" class=\"wp-block-spacer\"><\/div>\n\n\n\n<div class=\"wp-block-columns is-layout-flex wp-container-core-columns-is-layout-9d6595d7 wp-block-columns-is-layout-flex\">\n<div class=\"wp-block-column is-layout-flow wp-block-column-is-layout-flow\" style=\"flex-basis:66.66%\">\n<h2 class=\"wp-block-heading\"><s>Les risques de la densification : proximit\u00e9 et concentration des usages.<\/s><\/h2>\n\n\n\n<p>La situation est tr\u00e8s bien pr\u00e9sent\u00e9e par le Collectif Minoterie ZEN dans son courrier \u00e0 M. Bouyssou : <s>des activit\u00e9s et des \u00e9quipements en pied d&rsquo;immeubles qui apportent nuisances et incivilit\u00e9s<\/s>.<\/p>\n\n\n\n<p>La tranquillit\u00e9 des riverains est mise \u00e0 mal dans cet espace tr\u00e8s attractif fr\u00e9quent\u00e9 assidument et quotidiennement par les usagers.<\/p>\n\n\n\n<p>Il faut avouer que<strong> l&rsquo;am\u00e9nagement du passage est attrayant et incite \u00e0 rester<\/strong>:<\/p>\n\n\n\n<ul class=\"wp-block-list\">\n<li>des bancs publics classiques, et les sculptures de A.Turnhauer qui font office de bancs (et de tam-tams)<\/li>\n\n\n\n<li>un bel avion en bois (rappelons qu&rsquo;il provient de la cours de l&rsquo;\u00e9cole Rosalind Franklin, car retoqu\u00e9 par l&rsquo;Education Nationale)<\/li>\n\n\n\n<li>un point d&rsquo;eau<\/li>\n\n\n\n<li>un brumisateur<\/li>\n\n\n\n<li>une v\u00e9g\u00e9tation bien d\u00e9velopp\u00e9e<\/li>\n\n\n\n<li>sans oublier, les barri\u00e8res et portillons sens\u00e9s emp\u00eacher les passages de scooters, mais en partie hors-service et bien pratiques pour jouer au ballon<\/li>\n<\/ul>\n\n\n\n<p><strong><s>Bref tous les \u00e9quipements d&rsquo;un parc, mais dans un passage, encaiss\u00e9 entre des immeubles, sous les fen\u00eatres des habitants, ouvert 24h\/24, et avec un rev\u00eatement de sol qui favorise la propagation des sons.<\/s><\/strong><\/p>\n\n\n\n<p>Il y a bien des pancartes explicatives pour un bon usage de l&rsquo;espace, mais elles sont bien discr\u00e8tes et pas du tout efficaces.<\/p>\n<\/div>\n\n\n\n<div class=\"wp-block-column urbanicc_background urbanicc_column_right is-layout-flow wp-block-column-is-layout-flow\" style=\"flex-basis:33.33%\">\n<h3 class=\"wp-block-heading\">Les riverains s&rsquo;organisent pour mieux se faire entendre<\/h3>\n\n\n\n<p>Afin que le Maire re-ouvre enfin ce sujet et agisse, le <strong>Collectif  Minoterie ZEN<\/strong> est cr\u00e9\u00e9.<\/p>\n\n\n\n<p>Il envoie un courrier cosign\u00e9 par 111 personnes et par 2 locaux professionnels, \u00e0 M. Bouyssou, ses adjoints et \u00e0 l&rsquo;ensemble des conseillers municipaux:<\/p>\n\n\n<div class=\"wp-block-image\">\n<figure class=\"aligncenter size-full is-resized\"><a href=\"https:\/\/urbanicc.fr\/index.php\/download\/collectif-minoterie-zen-lettre-a-philippe-bouyssou-09-09-2024\" target=\"_blank\" rel=\"noreferrer noopener\"><img loading=\"lazy\" decoding=\"async\" width=\"1241\" height=\"1755\" src=\"https:\/\/urbanicc.fr\/wp-content\/uploads\/2024\/09\/Lettre-au-Maire-dIvry-Sept-24-v2_page-0001.jpg\" alt=\"\" class=\"wp-image-6576\" style=\"width:165px;height:auto\" srcset=\"https:\/\/urbanicc.fr\/wp-content\/uploads\/2024\/09\/Lettre-au-Maire-dIvry-Sept-24-v2_page-0001.jpg 1241w, https:\/\/urbanicc.fr\/wp-content\/uploads\/2024\/09\/Lettre-au-Maire-dIvry-Sept-24-v2_page-0001-212x300.jpg 212w, https:\/\/urbanicc.fr\/wp-content\/uploads\/2024\/09\/Lettre-au-Maire-dIvry-Sept-24-v2_page-0001-724x1024.jpg 724w, https:\/\/urbanicc.fr\/wp-content\/uploads\/2024\/09\/Lettre-au-Maire-dIvry-Sept-24-v2_page-0001-768x1086.jpg 768w, https:\/\/urbanicc.fr\/wp-content\/uploads\/2024\/09\/Lettre-au-Maire-dIvry-Sept-24-v2_page-0001-1086x1536.jpg 1086w\" sizes=\"auto, (max-width: 1241px) 100vw, 1241px\" \/><\/a><\/figure>\n<\/div>\n\n\n<div style=\"height:50px\" aria-hidden=\"true\" class=\"wp-block-spacer\"><\/div>\n\n\n\n<p>Retrouvez le collectif sur leur page :<\/p>\n\n\n<div class=\"wp-block-image\">\n<figure class=\"aligncenter size-full is-resized\"><a href=\"https:\/\/www.facebook.com\/profile.php?id=61565740342287\" target=\"_blank\" rel=\"noreferrer noopener\"><img loading=\"lazy\" decoding=\"async\" width=\"436\" height=\"433\" src=\"https:\/\/urbanicc.fr\/wp-content\/uploads\/2024\/09\/collectif.jpg\" alt=\"\" class=\"wp-image-6429\" style=\"width:161px;height:auto\" srcset=\"https:\/\/urbanicc.fr\/wp-content\/uploads\/2024\/09\/collectif.jpg 436w, https:\/\/urbanicc.fr\/wp-content\/uploads\/2024\/09\/collectif-300x298.jpg 300w, https:\/\/urbanicc.fr\/wp-content\/uploads\/2024\/09\/collectif-150x150.jpg 150w, https:\/\/urbanicc.fr\/wp-content\/uploads\/2024\/09\/collectif-80x80.jpg 80w\" sizes=\"auto, (max-width: 436px) 100vw, 436px\" \/><\/a><\/figure>\n<\/div>\n\n\n<div style=\"height:50px\" aria-hidden=\"true\" class=\"wp-block-spacer\"><\/div>\n<\/div>\n<\/div>\n\n\n\n<div style=\"height:100px\" aria-hidden=\"true\" class=\"wp-block-spacer\"><\/div>\n\n\n\nngg_shortcode_1_placeholder\n\n\n\n<p class=\"has-text-align-center\"><sub>Par respect pour la vie priv\u00e9e, nous nous sommes appliqu\u00e9s \u00e0 prendre des photos sans personne.<\/sub><\/p>\n\n\n\n<div style=\"height:90px\" aria-hidden=\"true\" class=\"wp-block-spacer\"><\/div>\n\n\n\n<div class=\"wp-block-columns is-layout-flex wp-container-core-columns-is-layout-9d6595d7 wp-block-columns-is-layout-flex\">\n<div class=\"wp-block-column is-layout-flow wp-block-column-is-layout-flow\" style=\"flex-basis:66.66%\">\n<p>Un nouvel espace a bien \u00e9t\u00e9 cr\u00e9\u00e9 rue des Lampes, afin de d\u00e9porter une partie des usagers et donc de diluer les nuisances. Mais c\u2019est un \u00e9chec. Son am\u00e9nagement sommaire, son sol sableux, son absence d\u2019ombre et son manque d&rsquo;entretien s\u00e9duisent peu, les enfants comme les adultes.<\/p>\n\n\n\n<p>Et la nouvelle pelouse Gambetta, non loin, n&rsquo;a pas non plus permis d&rsquo;amenuiser les m\u00e9susages du passage de la Minoterie.<\/p>\n<\/div>\n\n\n\n<div class=\"wp-block-column is-layout-flow wp-block-column-is-layout-flow\" style=\"flex-basis:70%\">\n<figure class=\"wp-block-gallery has-nested-images columns-default is-cropped wp-block-gallery-1 is-layout-flex wp-block-gallery-is-layout-flex\">\n<figure class=\"wp-block-image size-large\"><a href=\"https:\/\/urbanicc.fr\/wp-content\/uploads\/2024\/09\/IMG20240910200345-scaled.jpg\"><img loading=\"lazy\" decoding=\"async\" width=\"1024\" height=\"461\" data-id=\"6476\" src=\"https:\/\/urbanicc.fr\/wp-content\/uploads\/2024\/09\/IMG20240910200345-1024x461.jpg\" alt=\"\" class=\"wp-image-6476\" srcset=\"https:\/\/urbanicc.fr\/wp-content\/uploads\/2024\/09\/IMG20240910200345-1024x461.jpg 1024w, https:\/\/urbanicc.fr\/wp-content\/uploads\/2024\/09\/IMG20240910200345-300x135.jpg 300w, https:\/\/urbanicc.fr\/wp-content\/uploads\/2024\/09\/IMG20240910200345-768x345.jpg 768w, https:\/\/urbanicc.fr\/wp-content\/uploads\/2024\/09\/IMG20240910200345-1536x691.jpg 1536w, https:\/\/urbanicc.fr\/wp-content\/uploads\/2024\/09\/IMG20240910200345-2048x921.jpg 2048w\" sizes=\"auto, (max-width: 1024px) 100vw, 1024px\" \/><\/a><\/figure>\n<\/figure>\n<\/div>\n<\/div>\n\n\n\n<div style=\"height:33px\" aria-hidden=\"true\" class=\"wp-block-spacer\"><\/div>\n\n\n\n<p>Le succ\u00e8s du passage de la Minoterie tient certainement aussi au taux tr\u00e8s bas de m2 d&rsquo;espace public par habitant \u00e0 Ivry Port, qui, m\u00eame s&rsquo;il augmente, reste nettement insuffisant et mal r\u00e9parti, et qui oblige \u00e0 multiplier les fonctions sur ce type d&rsquo;espace.<\/p>\n\n\n\n<div style=\"height:129px\" aria-hidden=\"true\" class=\"wp-block-spacer\"><\/div>\n\n\n\n<div class=\"wp-block-columns is-layout-flex wp-container-core-columns-is-layout-9d6595d7 wp-block-columns-is-layout-flex\">\n<div class=\"wp-block-column urbanicc_background urbanicc_column_left is-layout-flow wp-block-column-is-layout-flow\" style=\"flex-basis:33.33%\">\n<h3 class=\"wp-block-heading\">Le passage de la Minoterie : un laboratoire pour les Ivrynages ?<\/h3>\n\n\n\n<p>Rappelons que le <strong>concept d\u2019Ivrynage<\/strong> est un \u00e9l\u00e9ment cl\u00e9 de la ZAC Ivry Confluences. <strong>Imagin\u00e9 par <a href=\"https:\/\/www.linkedin.com\/in\/anne-mie-depuydt-499a5ba\/\" target=\"_blank\" rel=\"noreferrer noopener\">Anne Mie Depuydt<\/a> et son agence <a href=\"http:\/\/uaps.net\/\" target=\"_blank\" rel=\"noreferrer noopener\">uapS<\/a><\/strong>, les grands \u00eelots de la ZAC doivent s\u2019articuler autour.<\/p>\n\n\n\n<p>Les caract\u00e9ristiques d&rsquo;un Ivrynage :<\/p>\n\n\n\n<ul class=\"wp-block-list\">\n<li>en c\u0153ur d&rsquo;\u00eelot<\/li>\n\n\n\n<li>des plantations denses<\/li>\n\n\n\n<li>une perm\u00e9abilit\u00e9 pi\u00e9tonne \/ une mise en r\u00e9seau avec le reste de la ville<\/li>\n\n\n\n<li>une intensit\u00e9 d\u2019usages \/ un lieu d\u2019appropriation<\/li>\n<\/ul>\n\n\n\n<p>Toutes ces caract\u00e9ristiques se retrouvent dans le passage de la Minoterie.<\/p>\n\n\n\n<p>Mais le passage des seuls pi\u00e9tons est une utopie et les nombreux usages g\u00e9n\u00e8rent des nuisances directement sous les fen\u00eatres des habitants.<\/p>\n\n\n\n<p><strong><s>Le concept th\u00e9orique de l\u2019Ivrynage va-t-il se heurter \u00e0 la dure r\u00e9alit\u00e9 terrain&nbsp;?<\/s><\/strong><\/p>\n\n\n\n<p>De nombreuses interrogations se posent. <\/p>\n\n\n\n<p>Comment prendre en compte les enseignements du&nbsp;passage de la Minoterie dans l&rsquo;organisation et l&rsquo;am\u00e9nagement des futurs Ivrynages ?&nbsp; Comment le concept des Ivrynages s&rsquo;int\u00e8gre-t-il dans un&nbsp; sch\u00e9ma global des espaces publics du futur quartier et de leur r\u00e9partition aux diff\u00e9rentes \u00e9chelles g\u00e9ographiques?<\/p>\n\n\n\n<p>Ou plut\u00f4t prendre le risque de d\u00e9multiplier les sites de conflits&nbsp;dans le quartier ?<\/p>\n<\/div>\n\n\n\n<div class=\"wp-block-column is-layout-flow wp-block-column-is-layout-flow\" style=\"flex-basis:66.66%\">\n<p>Des m\u00e9diateurs&nbsp;de la ville sont intervenus de nombreuses fois. Ils sont de bonne volont\u00e9 mais les r\u00e9sultats sont peu probants (ils manquent de leviers et leurs horaires de travail ne leur permettent pas d\u2019\u00eatre pr\u00e9sent \u00e0 tout moment). Difficile pour eux de pacifier cet espace.<\/p>\n\n\n\n<div style=\"height:54px\" aria-hidden=\"true\" class=\"wp-block-spacer\"><\/div>\n\n\n\n<h2 class=\"wp-block-heading\"><s>Une \u00e9quipe municipale qui \u00e0 tendance \u00e0 minimiser<\/s><\/h2>\n\n\n\n<p><strong>Ce diagnostic de la situation actuelle est bien connu de l\u2019\u00e9quipe municipale. Qui soutient le contraire est dans le d\u00e9ni.<\/strong><\/p>\n\n\n\n<p>Il est grand temps de sortir de l\u2019habituel et inefficace concertation de fa\u00e7ade, ou des r\u00e9ponses un peu trop syst\u00e9matiques et ronronnantes (\u00ab&nbsp;nous avons d\u00e9j\u00e0 fait beaucoup&nbsp;\u00bb, \u00ab il n&rsquo;y a pas de budget&nbsp;\u00bb \u2026). Personne n\u2019est dupe de ces m\u00e9thodes grossi\u00e8res de diversion. <\/p>\n\n\n\n<p>Il est n\u00e9cessaire de conc\u00e9der aux riverains une vraie place dans le processus d&rsquo;am\u00e9nagement.<\/p>\n\n\n\n<div style=\"height:66px\" aria-hidden=\"true\" class=\"wp-block-spacer\"><\/div>\n\n\n\n<h2 class=\"wp-block-heading\"><s>Des riverains qui souffrent et attendent des actions<\/s><\/h2>\n\n\n\n<p>Les riverains du Passage de la Minoterie ne se sont jamais pos\u00e9s en victime. Ils sont attach\u00e9s \u00e0 leur quartier et ont toujours cherch\u00e9 le dialogue et le consensus, dans une volont\u00e9 d&rsquo;apaisement. Mais aujourd&rsquo;hui leur patience atteint ses limites, et le sujet est toujours ouvert.<\/p>\n\n\n\n<p>Dans ce contexte, il appartient au maire d&rsquo;agir. Ces probl\u00e8mes sont dans son p\u00e9rim\u00e8tre de responsabilit\u00e9s.<\/p>\n\n\n\n<h4 class=\"wp-block-heading\"><strong><s>M. Bouyssou, il est temps de r\u00e9agir : l\u00e0 o\u00f9 il y a une volont\u00e9, il y a un chemin !<\/s><\/strong><\/h4>\n<\/div>\n<\/div>\n\n\n\n<div style=\"height:100px\" aria-hidden=\"true\" class=\"wp-block-spacer\"><\/div>\n\n\n\n<h2 class=\"wp-block-heading\"><s>[Edit du 23\/09\/2024]<\/s><\/h2>\n\n\n\n<p>Les portillons ont enfin \u00e9t\u00e9 r\u00e9install\u00e9s par la ville. On notera aussi le passage un peu plus fr\u00e9quent de m\u00e9diateurs, mais ceux-ci doivent g\u00e9rer plusieurs zones probl\u00e9matiques sur Ivry.<\/p>\n\n\n\n<p>Et dans le m\u00eame temps, des banderoles ont commenc\u00e9 \u00e0 faire leur apparition sur les fa\u00e7ades des b\u00e2timents autour du passage de la Minoterie.<\/p>\n\n\n\n<p><s>Le maire Philippe Bouyssou n\u2019a pas encore souhait\u00e9 r\u00e9pondre au courrier qui lui a \u00e9t\u00e9 adress\u00e9 par le Collectif Minoterie ZEN.<\/s> Pour l\u2019instant, il laisse le soin \u00e0 l\u2019\u00e9lu de quartier de comprendre la situation en rencontrant les habitants concern\u00e9s.<\/p>\n\n\n\n<p>Une r\u00e9ponse bien molle\u2026 l\u2019art de gagner du temps ?<\/p>\n\n\n\n<p><strong>Gageons que la t\u00e9nacit\u00e9 du collectif ne va pas s&rsquo;estomper et qu&rsquo;il saura trouver d&rsquo;autres relais pour faire agir M. Bouyssou.<\/strong><\/p>\n\n\n\n<div style=\"height:38px\" aria-hidden=\"true\" class=\"wp-block-spacer\"><\/div>\n\n\n\nngg_shortcode_2_placeholder\n\n\n\n<p class=\"has-text-align-center has-small-font-size\">Photos du 23\/09\/2024<\/p>\n\n\n\n<div style=\"height:100px\" aria-hidden=\"true\" class=\"wp-block-spacer\"><\/div>\n\n\n\n<h3 class=\"wp-block-heading\"><s>A lire aussi, sur le m\u00eame sujet :<\/s><\/h3>\n\n\n\n<figure class=\"wp-block-gallery has-nested-images columns-default is-cropped wp-block-gallery-2 is-layout-flex wp-block-gallery-is-layout-flex\">\n<figure class=\"wp-block-image size-large\"><a href=\"https:\/\/urbanicc.fr\/index.php\/2022\/01\/27\/nouvel-espace-public-temporaire-rue-des-lampes\/\"><img loading=\"lazy\" decoding=\"async\" width=\"980\" height=\"450\" data-id=\"5176\" src=\"https:\/\/urbanicc.fr\/wp-content\/uploads\/2022\/01\/Lampes.jpg\" alt=\"\" class=\"wp-image-5176\" srcset=\"https:\/\/urbanicc.fr\/wp-content\/uploads\/2022\/01\/Lampes.jpg 980w, https:\/\/urbanicc.fr\/wp-content\/uploads\/2022\/01\/Lampes-300x138.jpg 300w, https:\/\/urbanicc.fr\/wp-content\/uploads\/2022\/01\/Lampes-768x353.jpg 768w\" sizes=\"auto, (max-width: 980px) 100vw, 980px\" \/><\/a><\/figure>\n\n\n\n<figure class=\"wp-block-image size-large\"><a href=\"https:\/\/urbanicc.fr\/index.php\/2022\/01\/20\/passage-de-la-minoterie-suite-et-fin\/\"><img loading=\"lazy\" decoding=\"async\" width=\"980\" height=\"450\" data-id=\"5148\" src=\"https:\/\/urbanicc.fr\/wp-content\/uploads\/2022\/01\/OAC2.jpg\" alt=\"\" class=\"wp-image-5148\" srcset=\"https:\/\/urbanicc.fr\/wp-content\/uploads\/2022\/01\/OAC2.jpg 980w, https:\/\/urbanicc.fr\/wp-content\/uploads\/2022\/01\/OAC2-300x138.jpg 300w, https:\/\/urbanicc.fr\/wp-content\/uploads\/2022\/01\/OAC2-768x353.jpg 768w\" sizes=\"auto, (max-width: 980px) 100vw, 980px\" \/><\/a><\/figure>\n\n\n\n<figure class=\"wp-block-image size-large\"><a href=\"https:\/\/urbanicc.fr\/index.php\/2021\/10\/21\/passage-de-la-minoterie-propositions-et-debat-anime-entre-habitants\/\"><img loading=\"lazy\" decoding=\"async\" width=\"980\" height=\"450\" data-id=\"4908\" src=\"https:\/\/urbanicc.fr\/wp-content\/uploads\/2021\/10\/orme_au_chat.jpg\" alt=\"\" class=\"wp-image-4908\" srcset=\"https:\/\/urbanicc.fr\/wp-content\/uploads\/2021\/10\/orme_au_chat.jpg 980w, https:\/\/urbanicc.fr\/wp-content\/uploads\/2021\/10\/orme_au_chat-300x138.jpg 300w, https:\/\/urbanicc.fr\/wp-content\/uploads\/2021\/10\/orme_au_chat-768x353.jpg 768w\" sizes=\"auto, (max-width: 980px) 100vw, 980px\" \/><\/a><\/figure>\n\n\n\n<figure class=\"wp-block-image size-large\"><a href=\"https:\/\/urbanicc.fr\/index.php\/2021\/09\/17\/ilot-du-passage-de-la-minoterie-un-concentre-des-maux-divry-confluences\/\"><img loading=\"lazy\" decoding=\"async\" width=\"980\" height=\"450\" data-id=\"4571\" src=\"https:\/\/urbanicc.fr\/wp-content\/uploads\/2021\/09\/minoterie_article.jpg\" alt=\"\" class=\"wp-image-4571\" srcset=\"https:\/\/urbanicc.fr\/wp-content\/uploads\/2021\/09\/minoterie_article.jpg 980w, https:\/\/urbanicc.fr\/wp-content\/uploads\/2021\/09\/minoterie_article-300x138.jpg 300w, https:\/\/urbanicc.fr\/wp-content\/uploads\/2021\/09\/minoterie_article-768x353.jpg 768w\" sizes=\"auto, (max-width: 980px) 100vw, 980px\" \/><\/a><\/figure>\n\n\n\n<figure class=\"wp-block-image size-large\"><a href=\"https:\/\/urbanicc.fr\/index.php\/2021\/05\/28\/passage-de-la-minoterie-petition-a-lattention-de-philippe-bouyssou\/\"><img loading=\"lazy\" decoding=\"async\" width=\"980\" height=\"450\" data-id=\"4341\" src=\"https:\/\/urbanicc.fr\/wp-content\/uploads\/2021\/05\/minoterie.jpg\" alt=\"\" class=\"wp-image-4341\" srcset=\"https:\/\/urbanicc.fr\/wp-content\/uploads\/2021\/05\/minoterie.jpg 980w, https:\/\/urbanicc.fr\/wp-content\/uploads\/2021\/05\/minoterie-300x138.jpg 300w, https:\/\/urbanicc.fr\/wp-content\/uploads\/2021\/05\/minoterie-768x353.jpg 768w\" sizes=\"auto, (max-width: 980px) 100vw, 980px\" \/><\/a><\/figure>\n<\/figure>\n\n\n\n<div style=\"height:134px\" aria-hidden=\"true\" class=\"wp-block-spacer\"><\/div>\n","protected":false},"excerpt":{"rendered":"<p>Rappelez vous : en 2021, face \u00e0 Philippe Bouyssou, les riverains du Passage de la Minoterie manifestaient leur col\u00e8re en raison des nuisances auxquelles ils \u00e9taient confront\u00e9s de jour comme de nuit. Apr\u00e8s plusieurs rencontres organis\u00e9es par la ville, l&rsquo;am\u00e9nagement d&rsquo;un parc temporaire rue des Lampes et la mise en&#46;&#46;&#46;<\/p>\n","protected":false},"author":10,"featured_media":6571,"comment_status":"closed","ping_status":"closed","sticky":false,"template":"","format":"standard","meta":{"_exactmetrics_skip_tracking":false,"_exactmetrics_sitenote_active":false,"_exactmetrics_sitenote_note":"","_exactmetrics_sitenote_category":0,"ngg_post_thumbnail":0,"footnotes":""},"categories":[1],"tags":[],"class_list":["post-6423","post","type-post","status-publish","format-standard","has-post-thumbnail","hentry","category-non-classe"],"_links":{"self":[{"href":"https:\/\/urbanicc.fr\/index.php\/wp-json\/wp\/v2\/posts\/6423","targetHints":{"allow":["GET"]}}],"collection":[{"href":"https:\/\/urbanicc.fr\/index.php\/wp-json\/wp\/v2\/posts"}],"about":[{"href":"https:\/\/urbanicc.fr\/index.php\/wp-json\/wp\/v2\/types\/post"}],"author":[{"embeddable":true,"href":"https:\/\/urbanicc.fr\/index.php\/wp-json\/wp\/v2\/users\/10"}],"replies":[{"embeddable":true,"href":"https:\/\/urbanicc.fr\/index.php\/wp-json\/wp\/v2\/comments?post=6423"}],"version-history":[{"count":86,"href":"https:\/\/urbanicc.fr\/index.php\/wp-json\/wp\/v2\/posts\/6423\/revisions"}],"predecessor-version":[{"id":6600,"href":"https:\/\/urbanicc.fr\/index.php\/wp-json\/wp\/v2\/posts\/6423\/revisions\/6600"}],"wp:featuredmedia":[{"embeddable":true,"href":"https:\/\/urbanicc.fr\/index.php\/wp-json\/wp\/v2\/media\/6571"}],"wp:attachment":[{"href":"https:\/\/urbanicc.fr\/index.php\/wp-json\/wp\/v2\/media?parent=6423"}],"wp:term":[{"taxonomy":"category","embeddable":true,"href":"https:\/\/urbanicc.fr\/index.php\/wp-json\/wp\/v2\/categories?post=6423"},{"taxonomy":"post_tag","embeddable":true,"href":"https:\/\/urbanicc.fr\/index.php\/wp-json\/wp\/v2\/tags?post=6423"}],"curies":[{"name":"wp","href":"https:\/\/api.w.org\/{rel}","templated":true}]}}