{"id":6116,"date":"2024-02-14T22:28:59","date_gmt":"2024-02-14T21:28:59","guid":{"rendered":"https:\/\/urbanicc.fr\/?p=6116"},"modified":"2024-02-14T22:29:00","modified_gmt":"2024-02-14T21:29:00","slug":"en-visite-au-materiaupole","status":"publish","type":"post","link":"https:\/\/urbanicc.fr\/index.php\/2024\/02\/14\/en-visite-au-materiaupole\/","title":{"rendered":"En visite au Mat\u00e9riaup\u00f4le"},"content":{"rendered":"\n<h3 class=\"wp-block-heading\"><s>Un temps pr\u00e9vu pour occuper l&rsquo;<a href=\"https:\/\/urbanicc.fr\/index.php\/2023\/11\/25\/annonce-bureaux-disponibles-ilot-prudhon-bellevilles\/\">\u00eelot Prudhon de la ZAC Ivry-Confluences<\/a>, le tiers lieu d\u00e9velopp\u00e9 par le Mat\u00e9riaup\u00f4le a finalement int\u00e9gr\u00e9 le Domaine Ch\u00e9rioux, \u00e0 Vitry-sur-Seine. Urbanicc s\u2019y est rendu \u00e0 l\u2019invitation d\u2019Arnaud BOUSQUET (directeur du Mat\u00e9riaup\u00f4le). Nous avons pu d\u00e9couvrir leur espace et discuter \u00ab\u00a0activit\u00e9 productive\u00a0\u00bb et \u00ab\u00a0innovation industrielle\u00a0\u00bb sur notre territoire ; proche de Paris et parfois si loin, en m\u00eame temps.\u00a0<\/s><\/h3>\n\n\n\n<div style=\"height:100px\" aria-hidden=\"true\" class=\"wp-block-spacer\"><\/div>\n\n\n\n<p><a href=\"https:\/\/www.materiaupole.com\/\">Le Mat\u00e9riaup\u00f4le<\/a> est organis\u00e9 en cluster et s\u2019est donn\u00e9 une mission d\u2019incubateur complet pour des projets entrepreneuriaux li\u00e9s \u00e0 la cr\u00e9ation et au d\u00e9veloppement de nouveaux mat\u00e9riaux. Il ne s\u2019agit pas uniquement d\u2019un ensemble de locaux et d&rsquo;outils, c\u2019est aussi un accompagnement \u00e0 la cr\u00e9ation de projet, ainsi qu\u2019un r\u00e9seau qualifi\u00e9.&nbsp;<\/p>\n\n\n\n<div style=\"height:100px\" aria-hidden=\"true\" class=\"wp-block-spacer\"><\/div>\n\n\n\n<h3 class=\"wp-block-heading\"><s>Suivez la visite !<\/s><\/h3>\n\n\n\n<figure class=\"wp-block-image size-large\"><img loading=\"lazy\" decoding=\"async\" width=\"1024\" height=\"768\" src=\"https:\/\/urbanicc.fr\/wp-content\/uploads\/2024\/02\/1_communication-materiaupole-1024x768.jpg\" alt=\"\" class=\"wp-image-6117\" srcset=\"https:\/\/urbanicc.fr\/wp-content\/uploads\/2024\/02\/1_communication-materiaupole-1024x768.jpg 1024w, https:\/\/urbanicc.fr\/wp-content\/uploads\/2024\/02\/1_communication-materiaupole-300x225.jpg 300w, https:\/\/urbanicc.fr\/wp-content\/uploads\/2024\/02\/1_communication-materiaupole-768x576.jpg 768w, https:\/\/urbanicc.fr\/wp-content\/uploads\/2024\/02\/1_communication-materiaupole-1536x1152.jpg 1536w, https:\/\/urbanicc.fr\/wp-content\/uploads\/2024\/02\/1_communication-materiaupole.jpg 2000w\" sizes=\"auto, (max-width: 1024px) 100vw, 1024px\" \/><figcaption class=\"wp-element-caption\"><em>Mat\u00e9riaup\u00f4le, un r\u00e9seau d\u00e9di\u00e9 aux mat\u00e9riaux et proc\u00e9d\u00e9s. \u00a9Mat\u00e9riaup\u00f4le<\/em><br><\/figcaption><\/figure>\n\n\n\n<div style=\"height:100px\" aria-hidden=\"true\" class=\"wp-block-spacer\"><\/div>\n\n\n\n<h3 class=\"wp-block-heading\"><strong><s>1. Les locaux :<\/s><\/strong><\/h3>\n\n\n\n<p><a href=\"https:\/\/www.materiaupole.com\/cherioux-2\/\">Le tiers-lieu est un espace plut\u00f4t convivial<\/a>, compos\u00e9 de bureaux ferm\u00e9s et d&rsquo;ateliers o\u00f9 sont partag\u00e9s de pr\u00e9cieux \u00e9quipements (d\u00e9coupe, couture, assemblage, presse, impression 3D, etc.) pour le travail de mat\u00e9riaux de tout type (tissu, bois, m\u00e9tal, etc.). On y trouve aussi des espaces de pr\u00e9sentation et de r\u00e9union. Les locaux, mis \u00e0 disposition par le SADEV94, occupent le rez-de-chauss\u00e9e d&rsquo;un b\u00e2timent du Domaine Ch\u00e9rioux. De vastes espaces ext\u00e9rieurs permettent d&rsquo;accueillir exp\u00e9rimentations et prototypes grandeur nature.\u00a0<\/p>\n\n\n\n<figure class=\"wp-block-image size-large\"><img loading=\"lazy\" decoding=\"async\" width=\"1024\" height=\"768\" src=\"https:\/\/urbanicc.fr\/wp-content\/uploads\/2024\/02\/2_echantillon-pierre-plume-1024x768.jpg\" alt=\"\" class=\"wp-image-6118\" srcset=\"https:\/\/urbanicc.fr\/wp-content\/uploads\/2024\/02\/2_echantillon-pierre-plume-1024x768.jpg 1024w, https:\/\/urbanicc.fr\/wp-content\/uploads\/2024\/02\/2_echantillon-pierre-plume-300x225.jpg 300w, https:\/\/urbanicc.fr\/wp-content\/uploads\/2024\/02\/2_echantillon-pierre-plume-768x576.jpg 768w, https:\/\/urbanicc.fr\/wp-content\/uploads\/2024\/02\/2_echantillon-pierre-plume-1536x1152.jpg 1536w, https:\/\/urbanicc.fr\/wp-content\/uploads\/2024\/02\/2_echantillon-pierre-plume.jpg 2000w\" sizes=\"auto, (max-width: 1024px) 100vw, 1024px\" \/><figcaption class=\"wp-element-caption\"><em>\u00c9chantillon d\u2019un mat\u00e9riau acoustique et d\u00e9coratif issu du recyclage de chute de l\u2019industrie textile. \u00a9Urbanicc<\/em><\/figcaption><\/figure>\n\n\n\n<div style=\"height:100px\" aria-hidden=\"true\" class=\"wp-block-spacer\"><\/div>\n\n\n\n<h3 class=\"wp-block-heading\"><strong><s>2. L&rsquo;activit\u00e9 :<\/s><\/strong><\/h3>\n\n\n\n<p>Le tiers-lieu a pour objectif de mettre en relation chercheurs, \u00e9tudiants, entreprises, ESS et cr\u00e9atifs dans la conception de mat\u00e9riaux de pointe, ainsi que de mat\u00e9riaux issus de l&rsquo;\u00e9conomie circulaire. Deux pistes de d\u00e9veloppement d&rsquo;activit\u00e9s (parfois compl\u00e9mentaires) qui trouvent toute leur pertinence sur notre territoire urbain, parsem\u00e9s de friches industrielles.<\/p>\n\n\n\n<p>Mais l&rsquo;atout majeur du Mat\u00e9riaup\u00f4le, c&rsquo;est d&rsquo;offrir \u00e9galement un accompagnement approfondi au montage de projet (financement, organisation, marketing, communication, etc.), afin de favoriser la viabilit\u00e9 de ces projets.<\/p>\n\n\n\n<figure class=\"wp-block-image size-large is-resized\"><img loading=\"lazy\" decoding=\"async\" width=\"1024\" height=\"768\" src=\"https:\/\/urbanicc.fr\/wp-content\/uploads\/2024\/02\/3_ecopaturage-domaine-cheriou-1024x768.jpg\" alt=\"\" class=\"wp-image-6119\" style=\"width:768px;height:auto\" srcset=\"https:\/\/urbanicc.fr\/wp-content\/uploads\/2024\/02\/3_ecopaturage-domaine-cheriou-1024x768.jpg 1024w, https:\/\/urbanicc.fr\/wp-content\/uploads\/2024\/02\/3_ecopaturage-domaine-cheriou-300x225.jpg 300w, https:\/\/urbanicc.fr\/wp-content\/uploads\/2024\/02\/3_ecopaturage-domaine-cheriou-768x576.jpg 768w, https:\/\/urbanicc.fr\/wp-content\/uploads\/2024\/02\/3_ecopaturage-domaine-cheriou-1536x1152.jpg 1536w, https:\/\/urbanicc.fr\/wp-content\/uploads\/2024\/02\/3_ecopaturage-domaine-cheriou.jpg 2000w\" sizes=\"auto, (max-width: 1024px) 100vw, 1024px\" \/><figcaption class=\"wp-element-caption\"><em>\u00c9copaturage pour entretenir les friches du Domaine Cherioux. \u00a9SADEV94<\/em><\/figcaption><\/figure>\n\n\n\n<div style=\"height:100px\" aria-hidden=\"true\" class=\"wp-block-spacer\"><\/div>\n\n\n\n<h3 class=\"wp-block-heading\"><strong><s>3. Bonus Histoire :<\/s><\/strong><\/h3>\n\n\n\n<p><a href=\"https:\/\/www.vitry94.fr\/587\/la-ville-cadre-de-vie\/histoire-et-patrimoine\/patrimoine\/le-domaine-cherioux.htm\">Le domaine de 34 hectares accueille un ancien orphelinat<\/a>, cr\u00e9\u00e9 au d\u00e9but du XXIe si\u00e8cle par Adolphe Ch\u00e9rioux (entrepreneur de travaux publics) alors pr\u00e9sident du Conseil g\u00e9n\u00e9ral de la Seine. \u00c0 sa mort, le domaine est l\u00e9gu\u00e9 au d\u00e9partement de la Seine, puis transf\u00e9r\u00e9 au d\u00e9partement du Val-de-Marne. Le testament comporte des clauses restreignant la destination du domaine \u00e0 des missions d\u2019enseignement et de recherche. Aujourd&rsquo;hui, il est requalifi\u00e9 en ZAC, dont <a href=\"https:\/\/sadev94.fr\/operations\/domaine-cherioux\/\">le pilotage op\u00e9rationnel est assur\u00e9 par la SADEV94<\/a>.Bien que la convention d\u2019h\u00e9bergement du Mat\u00e9riaup\u00f4le arrive \u00e0 expiration dans un an, <a href=\"https:\/\/www.materiaupole.com\/les-experts-du-materiaupole\">Arnaud BOUSQUET<\/a> reste serein quant \u00e0 la suite ; que le Mat\u00e9riaup\u00f4le soit maintenu au sein du domaine r\u00e9am\u00e9nag\u00e9 ou qu&rsquo;il d\u00e9m\u00e9nage. Urbanicc esp\u00e8re pouvoir construire des synergies pour soutenir ces fili\u00e8res et ce type d&rsquo;\u00e9cosyst\u00e8me particuli\u00e8rement adapt\u00e9 \u00e0 la mutation de la ville vers un mod\u00e8le durable en conservant la coh\u00e9sion et le dynamisme vital pour notre territoire, \u00e0 moyen et long terme.<\/p>\n\n\n\n<p><\/p>\n\n\n\n<div style=\"height:100px\" aria-hidden=\"true\" class=\"wp-block-spacer\"><\/div>\n\n\n\n<p><\/p>\n\n\n\n<p><\/p>\n","protected":false},"excerpt":{"rendered":"<p>Un temps pr\u00e9vu pour occuper l&rsquo;\u00eelot Prudhon de la ZAC Ivry-Confluences, le tiers lieu d\u00e9velopp\u00e9 par le Mat\u00e9riaup\u00f4le a finalement int\u00e9gr\u00e9 le Domaine Ch\u00e9rioux, \u00e0 Vitry-sur-Seine. Urbanicc s\u2019y est rendu \u00e0 l\u2019invitation d\u2019Arnaud BOUSQUET (directeur du Mat\u00e9riaup\u00f4le). Nous avons pu d\u00e9couvrir leur espace et discuter \u00ab\u00a0activit\u00e9 productive\u00a0\u00bb et \u00ab\u00a0innovation industrielle\u00a0\u00bb&#46;&#46;&#46;<\/p>\n","protected":false},"author":10,"featured_media":6122,"comment_status":"closed","ping_status":"closed","sticky":false,"template":"","format":"standard","meta":{"_exactmetrics_skip_tracking":false,"_exactmetrics_sitenote_active":false,"_exactmetrics_sitenote_note":"","_exactmetrics_sitenote_category":0,"ngg_post_thumbnail":0,"footnotes":""},"categories":[1],"tags":[],"class_list":["post-6116","post","type-post","status-publish","format-standard","has-post-thumbnail","hentry","category-non-classe"],"_links":{"self":[{"href":"https:\/\/urbanicc.fr\/index.php\/wp-json\/wp\/v2\/posts\/6116","targetHints":{"allow":["GET"]}}],"collection":[{"href":"https:\/\/urbanicc.fr\/index.php\/wp-json\/wp\/v2\/posts"}],"about":[{"href":"https:\/\/urbanicc.fr\/index.php\/wp-json\/wp\/v2\/types\/post"}],"author":[{"embeddable":true,"href":"https:\/\/urbanicc.fr\/index.php\/wp-json\/wp\/v2\/users\/10"}],"replies":[{"embeddable":true,"href":"https:\/\/urbanicc.fr\/index.php\/wp-json\/wp\/v2\/comments?post=6116"}],"version-history":[{"count":2,"href":"https:\/\/urbanicc.fr\/index.php\/wp-json\/wp\/v2\/posts\/6116\/revisions"}],"predecessor-version":[{"id":6121,"href":"https:\/\/urbanicc.fr\/index.php\/wp-json\/wp\/v2\/posts\/6116\/revisions\/6121"}],"wp:featuredmedia":[{"embeddable":true,"href":"https:\/\/urbanicc.fr\/index.php\/wp-json\/wp\/v2\/media\/6122"}],"wp:attachment":[{"href":"https:\/\/urbanicc.fr\/index.php\/wp-json\/wp\/v2\/media?parent=6116"}],"wp:term":[{"taxonomy":"category","embeddable":true,"href":"https:\/\/urbanicc.fr\/index.php\/wp-json\/wp\/v2\/categories?post=6116"},{"taxonomy":"post_tag","embeddable":true,"href":"https:\/\/urbanicc.fr\/index.php\/wp-json\/wp\/v2\/tags?post=6116"}],"curies":[{"name":"wp","href":"https:\/\/api.w.org\/{rel}","templated":true}]}}