{"id":6050,"date":"2023-11-14T07:54:51","date_gmt":"2023-11-14T06:54:51","guid":{"rendered":"https:\/\/urbanicc.fr\/?p=6050"},"modified":"2023-11-14T07:54:53","modified_gmt":"2023-11-14T06:54:53","slug":"nouvelles-revelations-alarmantes-sur-lincinerateur-divry-paris-xiii","status":"publish","type":"post","link":"https:\/\/urbanicc.fr\/index.php\/2023\/11\/14\/nouvelles-revelations-alarmantes-sur-lincinerateur-divry-paris-xiii\/","title":{"rendered":"Nouvelles r\u00e9v\u00e9lations alarmantes sur l&rsquo;incin\u00e9rateur d&rsquo;Ivry-Paris XIII."},"content":{"rendered":"\n<h3 class=\"wp-block-heading\"><strong><s>Le collectif 3R a mis en \u00e9vidence que les \u00e9missions de dioxine n\u2019auraient pas \u00e9t\u00e9 mesur\u00e9es dans l&rsquo;incin\u00e9rateur d&rsquo;Ivry-Paris XIII pendant pr\u00e8s de sept mille heures entre 2020 et 2021 !<\/s><\/strong><\/h3>\n\n\n\n<div style=\"height:100px\" aria-hidden=\"true\" class=\"wp-block-spacer\"><\/div>\n\n\n\n<p>A l&rsquo;occasion de la publication de la premi\u00e8re \u00e9tude de ToxicoWatch command\u00e9e par le <a href=\"https:\/\/collectif3r.org\/\" target=\"_blank\" rel=\"noreferrer noopener\">Collectif 3R<\/a> qui montrait des concentrations toxiques de dioxine dans les oeufs produits \u00e0 Ivry sur Seine, le directeur g\u00e9n\u00e9ral du Syctom avait expliqu\u00e9 que les niveaux mesur\u00e9s dans les deux chemin\u00e9es du plus grand incin\u00e9rateur d\u2019Europe \u00e9taient \u00ab syst\u00e9matiquement inf\u00e9rieurs et tr\u00e8s inf\u00e9rieurs \u00bb aux normes et faisaient l&rsquo;objet de \u00ab contr\u00f4les en continu 24h sur 24 et 365 jours par an \u00bb et que l&rsquo;incin\u00e9rateur ne pouvait donc pas \u00eatre consid\u00e9r\u00e9 comme responsable.<\/p>\n\n\n\n<div style=\"height:100px\" aria-hidden=\"true\" class=\"wp-block-spacer\"><\/div>\n\n\n\n<div class=\"wp-block-columns is-layout-flex wp-container-core-columns-is-layout-9d6595d7 wp-block-columns-is-layout-flex\">\n<div class=\"wp-block-column is-layout-flow wp-block-column-is-layout-flow\" style=\"flex-basis:33.33%\"><\/div>\n\n\n\n<div class=\"wp-block-column is-layout-flow wp-block-column-is-layout-flow\" style=\"flex-basis:66.67%\">\n<blockquote class=\"wp-block-quote is-layout-flow wp-block-quote-is-layout-flow\">\n<h3 class=\"wp-block-heading\"><s>A l\u2019incin\u00e9rateur d\u2019Ivry-Paris XIII, les dioxines ne sont pas contr\u00f4l\u00e9es \u00ab 24 h sur 24 et 365 jours par an \u00bb<\/s><\/h3>\n\n\n\n<p class=\"has-text-align-right\">Le Monde &#8211; le 13\/11\/2023<\/p>\n\n\n\n<figure class=\"wp-block-image size-full\"><img loading=\"lazy\" decoding=\"async\" width=\"700\" height=\"467\" src=\"https:\/\/urbanicc.fr\/wp-content\/uploads\/2023\/11\/image-6.png\" alt=\"\" class=\"wp-image-6059\" srcset=\"https:\/\/urbanicc.fr\/wp-content\/uploads\/2023\/11\/image-6.png 700w, https:\/\/urbanicc.fr\/wp-content\/uploads\/2023\/11\/image-6-300x200.png 300w\" sizes=\"auto, (max-width: 700px) 100vw, 700px\" \/><\/figure>\n<cite>Une \u00e9tude r\u00e9v\u00e9l\u00e9e par \u00ab&nbsp;Le Monde&nbsp;\u00bb montre que les \u00e9missions de ces polluants tr\u00e8s toxiques n\u2019auraient pas \u00e9t\u00e9 mesur\u00e9es pendant pr\u00e8s de sept mille heures entre 2020 et 2021&#8230; <strong><a href=\"https:\/\/www.lemonde.fr\/planete\/article\/2023\/11\/13\/a-l-incinerateur-d-ivry-paris-xiii-les-dioxines-ne-sont-pas-controlees-24-h-sur-24-et-365-jours-par-an_6199902_3244.html\">[lire plus]<\/a><\/strong><\/cite><\/blockquote>\n<\/div>\n<\/div>\n\n\n\n<div style=\"height:100px\" aria-hidden=\"true\" class=\"wp-block-spacer\"><\/div>\n\n\n\n<p>Comme on peut le lire dans cet article du Monde, cette affirmation est contredite par une nouvelle \u00e9tude de ToxicoWatch qui montre que l&rsquo;on ne peut plus \u00e9carter la responsabilit\u00e9 de l&rsquo;incin\u00e9rateur ! En effet, des taux tr\u00e8s importants de dioxines peuvent \u00eatre \u00e9mis en quelques heures lorsqu&rsquo;un four dysfonctionne.<\/p>\n\n\n\n<div style=\"height:100px\" aria-hidden=\"true\" class=\"wp-block-spacer\"><\/div>\n\n\n\n<h3 class=\"wp-block-heading urbanicc_background2\"><strong><s>La pollution d&rsquo;Ivry-Port et ses cons\u00e9quences est la grande absente du d\u00e9bat sur la ZAC Ivry Confluences.<\/s><\/strong><\/h3>\n\n\n\n<h3 class=\"wp-block-heading\"><strong><s>Pourtant c&rsquo;est un d\u00e9bat essentiel.&nbsp;<\/s><\/strong><\/h3>\n\n\n\n<p>Il est pr\u00e9vu de faire venir 12 000 habitants sur une zone excessivement pollu\u00e9e avec des polluants \u00e9ternels. Quel est le risque pour la population qui va venir s&rsquo;installer \u00e0 Ivry-sur-Seine avec des jeunes enfants ? Quelle information leur est transmise sur ces risques ? Quels observatoires sont mis en place pour \u00e9valuer ces risques et surveiller cette population ?<\/p>\n\n\n\n<p>Par ailleurs, ce nouveau chapitre montre l&rsquo;importance fondamentale de collectifs citoyens pour contr\u00f4ler l&rsquo;action publique.&nbsp;<\/p>\n\n\n\n<h3 class=\"wp-block-heading\"><s>On fait quoi maintenant ? Pour mieux contr\u00f4ler ? D\u00e9polluer ?<\/s><\/h3>\n\n\n\n<p>Si vous aussi vous souhaitez pouvoir \u00e9valuer et donner votre avis sur le nouveau quartier, rejoignez notre association.<\/p>\n\n\n\n<div style=\"height:100px\" aria-hidden=\"true\" class=\"wp-block-spacer\"><\/div>\n","protected":false},"excerpt":{"rendered":"<p>Le collectif 3R a mis en \u00e9vidence que les \u00e9missions de dioxine n\u2019auraient pas \u00e9t\u00e9 mesur\u00e9es dans l&rsquo;incin\u00e9rateur d&rsquo;Ivry-Paris XIII pendant pr\u00e8s de sept mille heures entre 2020 et 2021 ! A l&rsquo;occasion de la publication de la premi\u00e8re \u00e9tude de ToxicoWatch command\u00e9e par le Collectif 3R qui montrait des&#46;&#46;&#46;<\/p>\n","protected":false},"author":10,"featured_media":6051,"comment_status":"closed","ping_status":"closed","sticky":false,"template":"","format":"standard","meta":{"_exactmetrics_skip_tracking":false,"_exactmetrics_sitenote_active":false,"_exactmetrics_sitenote_note":"","_exactmetrics_sitenote_category":0,"ngg_post_thumbnail":0,"footnotes":""},"categories":[1],"tags":[],"class_list":["post-6050","post","type-post","status-publish","format-standard","has-post-thumbnail","hentry","category-non-classe"],"_links":{"self":[{"href":"https:\/\/urbanicc.fr\/index.php\/wp-json\/wp\/v2\/posts\/6050","targetHints":{"allow":["GET"]}}],"collection":[{"href":"https:\/\/urbanicc.fr\/index.php\/wp-json\/wp\/v2\/posts"}],"about":[{"href":"https:\/\/urbanicc.fr\/index.php\/wp-json\/wp\/v2\/types\/post"}],"author":[{"embeddable":true,"href":"https:\/\/urbanicc.fr\/index.php\/wp-json\/wp\/v2\/users\/10"}],"replies":[{"embeddable":true,"href":"https:\/\/urbanicc.fr\/index.php\/wp-json\/wp\/v2\/comments?post=6050"}],"version-history":[{"count":19,"href":"https:\/\/urbanicc.fr\/index.php\/wp-json\/wp\/v2\/posts\/6050\/revisions"}],"predecessor-version":[{"id":6080,"href":"https:\/\/urbanicc.fr\/index.php\/wp-json\/wp\/v2\/posts\/6050\/revisions\/6080"}],"wp:featuredmedia":[{"embeddable":true,"href":"https:\/\/urbanicc.fr\/index.php\/wp-json\/wp\/v2\/media\/6051"}],"wp:attachment":[{"href":"https:\/\/urbanicc.fr\/index.php\/wp-json\/wp\/v2\/media?parent=6050"}],"wp:term":[{"taxonomy":"category","embeddable":true,"href":"https:\/\/urbanicc.fr\/index.php\/wp-json\/wp\/v2\/categories?post=6050"},{"taxonomy":"post_tag","embeddable":true,"href":"https:\/\/urbanicc.fr\/index.php\/wp-json\/wp\/v2\/tags?post=6050"}],"curies":[{"name":"wp","href":"https:\/\/api.w.org\/{rel}","templated":true}]}}