{"id":5819,"date":"2023-11-15T20:49:36","date_gmt":"2023-11-15T19:49:36","guid":{"rendered":"https:\/\/urbanicc.fr\/?p=5819"},"modified":"2023-11-15T22:43:40","modified_gmt":"2023-11-15T21:43:40","slug":"un-plan-de-vegetalisation-citoyen-pour-ivry-port","status":"publish","type":"post","link":"https:\/\/urbanicc.fr\/index.php\/2023\/11\/15\/un-plan-de-vegetalisation-citoyen-pour-ivry-port\/","title":{"rendered":"Un plan de v\u00e9g\u00e9talisation \u00ab\u00a0citoyen\u00a0\u00bb pour Ivry-Port"},"content":{"rendered":"\n<h3 class=\"wp-block-heading\"><s>Pour r\u00e9pondre aux fr\u00e9quentes et insistantes demandes de nombreux habitants, la municipalit\u00e9 a d\u00e9cid\u00e9 d\u2019acc\u00e9l\u00e9rer la v\u00e9g\u00e9talisation du quartier en lan\u00e7ant \u00ab&nbsp;les places de nature&nbsp;\u00bb. Plus de 10 ans apr\u00e8s le d\u00e9marrage de la ZAC, il \u00e9tait temps de s\u2019y mettre&nbsp;: rappelons que les arbres n\u00e9cessitent beaucoup plus de temps pour pousser que les tours en b\u00e9ton.<\/s><\/h3>\n\n\n\n<div style=\"height:100px\" aria-hidden=\"true\" class=\"wp-block-spacer\"><\/div>\n\n\n\n<p>Ces nouveaux espaces de nature se situent essentiellement dans des zones autour de nouveaux ou de futurs projets urbains. <strong><s>Mais les enjeux sont sur l&rsquo;ensemble du quartier : il s&rsquo;agit bien de ne pas abandonner une partie d&rsquo;Ivry Port.<\/s><\/strong><\/p>\n\n\n\n<p>Des solutions existent, sans pour autant avoir \u00e0 engager de gros budgets.<\/p>\n\n\n\n<p>Urbanicc a ainsi r\u00e9alis\u00e9 un plan citoyen pour apporter des<strong><s> propositions concr\u00e8tes et r\u00e9alistes, autour de la micro-v\u00e9g\u00e9talisation de proximit\u00e9<\/s><\/strong>.<\/p>\n\n\n\n<div style=\"height:100px\" aria-hidden=\"true\" class=\"wp-block-spacer\"><\/div>\n\n\n\n<h3 class=\"wp-block-heading\"><strong><s>La micro-v\u00e9g\u00e9talisation \u2013 c\u2019est quoi&nbsp;?<\/s><\/strong><\/h3>\n\n\n\n<div style=\"height:56px\" aria-hidden=\"true\" class=\"wp-block-spacer\"><\/div>\n\n\n\n<div class=\"wp-block-columns is-layout-flex wp-container-core-columns-is-layout-9d6595d7 wp-block-columns-is-layout-flex\">\n<div class=\"wp-block-column is-layout-flow wp-block-column-is-layout-flow\" style=\"flex-basis:100%\">\n<div class=\"wp-block-columns is-layout-flex wp-container-core-columns-is-layout-9d6595d7 wp-block-columns-is-layout-flex\">\n<div class=\"wp-block-column is-layout-flow wp-block-column-is-layout-flow\" style=\"flex-basis:25%\"><\/div>\n\n\n\n<div class=\"wp-block-column urbanicc_background2 is-layout-flow wp-block-column-is-layout-flow\" style=\"flex-basis:50%\">\n<h2 class=\"wp-block-heading has-text-align-center\"><strong><s><i class=\"fas fa-info-circle\"><\/i> Le principe<\/s><\/strong><\/h2>\n\n\n\n<p><i class=\"fas fa-long-arrow-alt-right\"><\/i> des interventions l\u00e9g\u00e8res et peu couteuses &#8211; les d\u00e9tails comptent.<\/p>\n<\/div>\n\n\n\n<div class=\"wp-block-column is-layout-flow wp-block-column-is-layout-flow\" style=\"flex-basis:25%\"><\/div>\n<\/div>\n\n\n\n<div class=\"wp-block-columns is-layout-flex wp-container-core-columns-is-layout-9d6595d7 wp-block-columns-is-layout-flex\">\n<div class=\"wp-block-column is-layout-flow wp-block-column-is-layout-flow\" style=\"flex-basis:25%\"><\/div>\n\n\n\n<div class=\"wp-block-column urbanicc_background2 is-layout-flow wp-block-column-is-layout-flow\" style=\"flex-basis:50%\">\n<h2 class=\"wp-block-heading has-text-align-center\"><strong><s><i class=\"fas fa-question-circle\"><\/i> Comment<\/s><\/strong><\/h2>\n\n\n\n<p><i class=\"fas fa-long-arrow-alt-right\"><\/i> en enlevant du rev\u00eatement sur les trottoirs, par exemple entre des arbres ou le long des fa\u00e7ades<\/p>\n\n\n\n<p><i class=\"fas fa-long-arrow-alt-right\"><\/i> en arrachant les souches d\u2019arbres coup\u00e9s<\/p>\n\n\n\n<p><i class=\"fas fa-long-arrow-alt-right\"><\/i> en installant des platebandes sur\u00e9lev\u00e9es<\/p>\n\n\n\n<p><i class=\"fas fa-long-arrow-alt-right\"><\/i> en identifiant des emplacements \u00ab\u00a0oubli\u00e9s\u00a0\u00bb<\/p>\n<\/div>\n\n\n\n<div class=\"wp-block-column is-layout-flow wp-block-column-is-layout-flow\" style=\"flex-basis:25%\"><\/div>\n<\/div>\n\n\n\n<div class=\"wp-block-columns is-layout-flex wp-container-core-columns-is-layout-9d6595d7 wp-block-columns-is-layout-flex\">\n<div class=\"wp-block-column is-layout-flow wp-block-column-is-layout-flow\" style=\"flex-basis:25%\"><\/div>\n\n\n\n<div class=\"wp-block-column urbanicc_background2 is-layout-flow wp-block-column-is-layout-flow\" style=\"flex-basis:50%\">\n<h2 class=\"wp-block-heading has-text-align-center\"><strong><s><i class=\"fas fa-map-marker-alt\"><\/i> O\u00f9<\/s><\/strong><\/h2>\n\n\n\n<p><i class=\"fas fa-long-arrow-alt-right\"><\/i> dans tout le quartier, m\u00eame sur des zones peu \u00e9tendues<\/p>\n<\/div>\n\n\n\n<div class=\"wp-block-column is-layout-flow wp-block-column-is-layout-flow\" style=\"flex-basis:25%\"><\/div>\n<\/div>\n\n\n\n<div class=\"wp-block-columns is-layout-flex wp-container-core-columns-is-layout-9d6595d7 wp-block-columns-is-layout-flex\">\n<div class=\"wp-block-column is-layout-flow wp-block-column-is-layout-flow\" style=\"flex-basis:25%\"><\/div>\n\n\n\n<div class=\"wp-block-column urbanicc_background2 is-layout-flow wp-block-column-is-layout-flow\" style=\"flex-basis:50%\">\n<h2 class=\"wp-block-heading has-text-align-center\"><strong><s><i class=\"fas fa-check-circle\"><\/i> Les gains \u00e0 attendre<\/s><\/strong><\/h2>\n\n\n\n<p><i class=\"fas fa-check\"><\/i> embellir et lutter contre la chaleur<\/p>\n\n\n\n<p><i class=\"fas fa-check\"><\/i> am\u00e9liorer la qualit\u00e9 de l\u2019air<\/p>\n\n\n\n<p><i class=\"fas fa-check\"><\/i> lutter contre la pollution<\/p>\n\n\n\n<p><i class=\"fas fa-check\"><\/i> faciliter le retour des insectes (certains pollinisent la v\u00e9g\u00e9tation, d\u2019autres nourrissent les oiseaux)<\/p>\n\n\n\n<p><i class=\"fas fa-check\"><\/i> am\u00e9liorer la porosit\u00e9 des sols sur cette zone inondable<\/p>\n<\/div>\n\n\n\n<div class=\"wp-block-column is-layout-flow wp-block-column-is-layout-flow\" style=\"flex-basis:25%\"><\/div>\n<\/div>\n<\/div>\n<\/div>\n\n\n\n<div style=\"height:100px\" aria-hidden=\"true\" class=\"wp-block-spacer\"><\/div>\n\n\n\n<h3 class=\"wp-block-heading\"><strong><s>Utopique ? Il existe d\u00e9j\u00e0 de nombreux exemples r\u00e9ussis sur Ivry.<\/s><\/strong><\/h3>\n\n\n\n<figure class=\"wp-block-gallery has-nested-images columns-7 is-cropped wp-block-gallery-1 is-layout-flex wp-block-gallery-is-layout-flex\">\n<figure class=\"wp-block-image size-large\"><a href=\"https:\/\/urbanicc.fr\/wp-content\/uploads\/2023\/11\/IMG20231030170338-EDIT-scaled.jpg\" target=\"_blank\" rel=\"noopener\"><img loading=\"lazy\" decoding=\"async\" width=\"1024\" height=\"820\" data-id=\"5869\" src=\"https:\/\/urbanicc.fr\/wp-content\/uploads\/2023\/11\/IMG20231030170338-EDIT-1024x820.jpg\" alt=\"\" class=\"wp-image-5869\" srcset=\"https:\/\/urbanicc.fr\/wp-content\/uploads\/2023\/11\/IMG20231030170338-EDIT-1024x820.jpg 1024w, https:\/\/urbanicc.fr\/wp-content\/uploads\/2023\/11\/IMG20231030170338-EDIT-300x240.jpg 300w, https:\/\/urbanicc.fr\/wp-content\/uploads\/2023\/11\/IMG20231030170338-EDIT-768x615.jpg 768w, https:\/\/urbanicc.fr\/wp-content\/uploads\/2023\/11\/IMG20231030170338-EDIT-1536x1230.jpg 1536w, https:\/\/urbanicc.fr\/wp-content\/uploads\/2023\/11\/IMG20231030170338-EDIT-2048x1640.jpg 2048w\" sizes=\"auto, (max-width: 1024px) 100vw, 1024px\" \/><\/a><figcaption class=\"wp-element-caption\">Centre Ville<\/figcaption><\/figure>\n\n\n\n<figure class=\"wp-block-image size-large\"><a href=\"https:\/\/urbanicc.fr\/wp-content\/uploads\/2023\/11\/IMG20231030165432-EDIT-scaled.jpg\" target=\"_blank\" rel=\"noopener\"><img loading=\"lazy\" decoding=\"async\" width=\"1024\" height=\"501\" data-id=\"5863\" src=\"https:\/\/urbanicc.fr\/wp-content\/uploads\/2023\/11\/IMG20231030165432-EDIT-1024x501.jpg\" alt=\"\" class=\"wp-image-5863\" srcset=\"https:\/\/urbanicc.fr\/wp-content\/uploads\/2023\/11\/IMG20231030165432-EDIT-1024x501.jpg 1024w, https:\/\/urbanicc.fr\/wp-content\/uploads\/2023\/11\/IMG20231030165432-EDIT-300x147.jpg 300w\" sizes=\"auto, (max-width: 1024px) 100vw, 1024px\" \/><\/a><figcaption class=\"wp-element-caption\">rue Descartes<\/figcaption><\/figure>\n\n\n\n<figure class=\"wp-block-image size-large\"><a href=\"https:\/\/urbanicc.fr\/wp-content\/uploads\/2023\/11\/IMG20231030171948-EDIT-scaled.jpg\" target=\"_blank\" rel=\"noopener\"><img loading=\"lazy\" decoding=\"async\" width=\"577\" height=\"1024\" data-id=\"5866\" src=\"https:\/\/urbanicc.fr\/wp-content\/uploads\/2023\/11\/IMG20231030171948-EDIT-577x1024.jpg\" alt=\"\" class=\"wp-image-5866\" srcset=\"https:\/\/urbanicc.fr\/wp-content\/uploads\/2023\/11\/IMG20231030171948-EDIT-577x1024.jpg 577w, https:\/\/urbanicc.fr\/wp-content\/uploads\/2023\/11\/IMG20231030171948-EDIT-169x300.jpg 169w, https:\/\/urbanicc.fr\/wp-content\/uploads\/2023\/11\/IMG20231030171948-EDIT-scaled.jpg 1444w\" sizes=\"auto, (max-width: 577px) 100vw, 577px\" \/><\/a><figcaption class=\"wp-element-caption\">rue Gabriel Peri<\/figcaption><\/figure>\n\n\n\n<figure class=\"wp-block-image size-large\"><a href=\"https:\/\/urbanicc.fr\/wp-content\/uploads\/2023\/11\/IMG20231030165743-EDIT-scaled.jpg\" target=\"_blank\" rel=\"noopener\"><img loading=\"lazy\" decoding=\"async\" width=\"1024\" height=\"577\" data-id=\"5864\" src=\"https:\/\/urbanicc.fr\/wp-content\/uploads\/2023\/11\/IMG20231030165743-EDIT-1024x577.jpg\" alt=\"\" class=\"wp-image-5864\" srcset=\"https:\/\/urbanicc.fr\/wp-content\/uploads\/2023\/11\/IMG20231030165743-EDIT-1024x577.jpg 1024w, https:\/\/urbanicc.fr\/wp-content\/uploads\/2023\/11\/IMG20231030165743-EDIT-300x169.jpg 300w, https:\/\/urbanicc.fr\/wp-content\/uploads\/2023\/11\/IMG20231030165743-EDIT-768x433.jpg 768w, https:\/\/urbanicc.fr\/wp-content\/uploads\/2023\/11\/IMG20231030165743-EDIT-1536x866.jpg 1536w, https:\/\/urbanicc.fr\/wp-content\/uploads\/2023\/11\/IMG20231030165743-EDIT-2048x1155.jpg 2048w\" sizes=\"auto, (max-width: 1024px) 100vw, 1024px\" \/><\/a><figcaption class=\"wp-element-caption\">avenue Georges Gosnat<\/figcaption><\/figure>\n\n\n\n<figure class=\"wp-block-image size-full\"><a href=\"https:\/\/urbanicc.fr\/wp-content\/uploads\/2023\/11\/IMG20231030165920-EDIT-scaled.jpg\" target=\"_blank\" rel=\"noopener\"><img loading=\"lazy\" decoding=\"async\" width=\"2560\" height=\"1443\" data-id=\"5865\" src=\"https:\/\/urbanicc.fr\/wp-content\/uploads\/2023\/11\/IMG20231030165920-EDIT-scaled.jpg\" alt=\"\" class=\"wp-image-5865\" srcset=\"https:\/\/urbanicc.fr\/wp-content\/uploads\/2023\/11\/IMG20231030165920-EDIT-scaled.jpg 2560w, https:\/\/urbanicc.fr\/wp-content\/uploads\/2023\/11\/IMG20231030165920-EDIT-300x169.jpg 300w\" sizes=\"auto, (max-width: 2560px) 100vw, 2560px\" \/><\/a><figcaption class=\"wp-element-caption\">en face de la Mairie<\/figcaption><\/figure>\n\n\n\n<figure class=\"wp-block-image size-full\"><a href=\"https:\/\/urbanicc.fr\/wp-content\/uploads\/2023\/11\/IMG20231030164748-EDIT.jpg\" target=\"_blank\" rel=\"noopener\"><img decoding=\"async\" data-id=\"5868\" src=\"https:\/\/urbanicc.fr\/wp-content\/uploads\/2023\/11\/IMG20231030164748-EDIT.jpg\" alt=\"\" class=\"wp-image-5868\"\/><\/a><figcaption class=\"wp-element-caption\">angle L\u00e9nine-Moli\u00e8re<\/figcaption><\/figure>\n\n\n\n<figure class=\"wp-block-image size-large\"><a href=\"https:\/\/urbanicc.fr\/wp-content\/uploads\/2023\/11\/IMG20231030165515-scaled.jpg\" target=\"_blank\" rel=\"noopener\"><img loading=\"lazy\" decoding=\"async\" width=\"1024\" height=\"375\" data-id=\"5872\" src=\"https:\/\/urbanicc.fr\/wp-content\/uploads\/2023\/11\/IMG20231030165515-1024x375.jpg\" alt=\"\" class=\"wp-image-5872\" srcset=\"https:\/\/urbanicc.fr\/wp-content\/uploads\/2023\/11\/IMG20231030165515-1024x375.jpg 1024w, https:\/\/urbanicc.fr\/wp-content\/uploads\/2023\/11\/IMG20231030165515-300x110.jpg 300w, https:\/\/urbanicc.fr\/wp-content\/uploads\/2023\/11\/IMG20231030165515-768x281.jpg 768w, https:\/\/urbanicc.fr\/wp-content\/uploads\/2023\/11\/IMG20231030165515-1536x562.jpg 1536w, https:\/\/urbanicc.fr\/wp-content\/uploads\/2023\/11\/IMG20231030165515-2048x750.jpg 2048w\" sizes=\"auto, (max-width: 1024px) 100vw, 1024px\" \/><\/a><figcaption class=\"wp-element-caption\">rue Descartes<\/figcaption><\/figure>\n<\/figure>\n\n\n\n<div style=\"height:100px\" aria-hidden=\"true\" class=\"wp-block-spacer\"><\/div>\n\n\n\n<h3 class=\"wp-block-heading\"><strong><s>Pour aller plus loin : notre dossier con\u00e7u avec des habitants du quartier<\/s><\/strong><\/h3>\n\n\n\n<p>Qui mieux que les habitants du quartier pour connaitre Ivry-Port ? Apr\u00e8s plusieurs mois \u00e0 leur contact (balades urbaines, sondage, sondage en ligne, stand \u00e0 la f\u00eate de quartier, rencontres, etc&#8230;), notre dossier :<\/p>\n\n\n\n<h4 class=\"wp-block-heading has-background\" style=\"background-color:#ffe000\"><strong><s><i class=\"fas fa-arrow-alt-circle-right\"><\/i> <a href=\"https:\/\/urbanicc.fr\/index.php\/plan-de-vegetalisation-citoyen-de-ivry-port-les-enjeux\/\">Les enjeux de la v\u00e9g\u00e9talisation et de la renaturation<\/a><\/s><\/strong><\/h4>\n\n\n\n<h4 class=\"wp-block-heading has-background\" style=\"background-color:#ffe000\"><strong><s><i class=\"fas fa-arrow-alt-circle-right\"><\/i> <a href=\"https:\/\/urbanicc.fr\/index.php\/sondage-vegetalisation-les-resultats\/\">Les habitants \u00ab&nbsp;experts&nbsp;\u00bb de leur quartier : les r\u00e9sultats de notre sondage<\/a><\/s><\/strong><\/h4>\n\n\n\n<h4 class=\"wp-block-heading has-background\" style=\"background-color:#ffe000\"><strong><s><i class=\"fas fa-arrow-alt-circle-right\"><\/i> <a href=\"https:\/\/urbanicc.fr\/index.php\/carte-de-vegetalisation-de-ivry-port\/\">Les propositions des habitants sous forme de carte interactive<\/a><\/s><\/strong><\/h4>\n\n\n\n<div style=\"height:100px\" aria-hidden=\"true\" class=\"wp-block-spacer\"><\/div>\n\n\n\n<h3 class=\"wp-block-heading\"><span><s style=\"font-weight: bold;\">Et vous ? Vous pouvez \u00e9galement participer \u00e0 ce projet<\/s><\/span><\/h3>\n\n\n\n<p>En interpellant nos \u00e9lus lorsque vous les croisez.<\/p>\n\n\n\n<p>En nous envoyant vos propositions de micro-v\u00e9g\u00e9talisation.<\/p>\n\n\n\n<div class=\"wp-block-columns is-layout-flex wp-container-core-columns-is-layout-9d6595d7 wp-block-columns-is-layout-flex\">\n<div class=\"wp-block-column is-layout-flow wp-block-column-is-layout-flow\" style=\"flex-basis:25%\"><\/div>\n\n\n\n<div class=\"wp-block-column is-layout-flow wp-block-column-is-layout-flow\" style=\"flex-basis:50%\">\n<div class=\"wpcf7 no-js\" id=\"wpcf7-f5972-o1\" lang=\"fr-FR\" dir=\"ltr\" data-wpcf7-id=\"5972\">\n<div class=\"screen-reader-response\"><p role=\"status\" aria-live=\"polite\" aria-atomic=\"true\"><\/p> <ul><\/ul><\/div>\n<form action=\"\/index.php\/wp-json\/wp\/v2\/posts\/5819#wpcf7-f5972-o1\" method=\"post\" class=\"wpcf7-form init\" aria-label=\"Formulaire de contact\" enctype=\"multipart\/form-data\" novalidate=\"novalidate\" data-status=\"init\">\n<fieldset class=\"hidden-fields-container\"><input type=\"hidden\" name=\"_wpcf7\" value=\"5972\" \/><input type=\"hidden\" name=\"_wpcf7_version\" value=\"6.1.5\" \/><input type=\"hidden\" name=\"_wpcf7_locale\" value=\"fr_FR\" \/><input type=\"hidden\" name=\"_wpcf7_unit_tag\" value=\"wpcf7-f5972-o1\" \/><input type=\"hidden\" name=\"_wpcf7_container_post\" value=\"0\" \/><input type=\"hidden\" name=\"_wpcf7_posted_data_hash\" value=\"\" \/>\n<\/fieldset>\n<p><label> Votre nom et pr\u00e9nom<br \/>\n<span class=\"wpcf7-form-control-wrap\" data-name=\"your-name\"><input size=\"40\" maxlength=\"400\" class=\"wpcf7-form-control wpcf7-text wpcf7-validates-as-required\" autocomplete=\"name\" aria-required=\"true\" aria-invalid=\"false\" value=\"\" type=\"text\" name=\"your-name\" \/><\/span> <\/label>\n<\/p>\n<p><label> Votre e-mail<br \/>\n<span class=\"wpcf7-form-control-wrap\" data-name=\"your-email\"><input size=\"40\" maxlength=\"400\" class=\"wpcf7-form-control wpcf7-email wpcf7-validates-as-required wpcf7-text wpcf7-validates-as-email\" autocomplete=\"email\" aria-required=\"true\" aria-invalid=\"false\" value=\"\" type=\"email\" name=\"your-email\" \/><\/span> <\/label>\n<\/p>\n<p><label> Votre proposition<br \/>\n<span class=\"wpcf7-form-control-wrap\" data-name=\"your-message\"><textarea cols=\"40\" rows=\"10\" maxlength=\"2000\" class=\"wpcf7-form-control wpcf7-textarea\" aria-invalid=\"false\" name=\"your-message\"><\/textarea><\/span> <\/label>\n<\/p>\n<p><span class=\"wpcf7-form-control-wrap\" data-name=\"file-379\"><input size=\"40\" class=\"wpcf7-form-control wpcf7-file\" accept=\"image\/*\" aria-invalid=\"false\" type=\"file\" name=\"file-379\" \/><\/span>\n<\/p>\n<p><input class=\"wpcf7-form-control wpcf7-submit has-spinner\" type=\"submit\" value=\"Envoyer\" \/>\n<\/p><p style=\"display: none !important;\" class=\"akismet-fields-container\" data-prefix=\"_wpcf7_ak_\"><label>&#916;<textarea name=\"_wpcf7_ak_hp_textarea\" cols=\"45\" rows=\"8\" maxlength=\"100\"><\/textarea><\/label><input type=\"hidden\" id=\"ak_js_1\" name=\"_wpcf7_ak_js\" value=\"52\"\/><script>\ndocument.getElementById( \"ak_js_1\" ).setAttribute( \"value\", ( new Date() ).getTime() );\n<\/script>\n<\/p><div class=\"wpcf7-response-output\" aria-hidden=\"true\"><\/div>\n<\/form>\n<\/div>\n\n<\/div>\n\n\n\n<div class=\"wp-block-column is-layout-flow wp-block-column-is-layout-flow\" style=\"flex-basis:25%\"><\/div>\n<\/div>\n\n\n\n<div style=\"height:100px\" aria-hidden=\"true\" class=\"wp-block-spacer\"><\/div>\n\n\n\n<p><\/p>\n","protected":false},"excerpt":{"rendered":"<p>Pour r\u00e9pondre aux fr\u00e9quentes et insistantes demandes de nombreux habitants, la municipalit\u00e9 a d\u00e9cid\u00e9 d\u2019acc\u00e9l\u00e9rer la v\u00e9g\u00e9talisation du quartier en lan\u00e7ant \u00ab&nbsp;les places de nature&nbsp;\u00bb. Plus de 10 ans apr\u00e8s le d\u00e9marrage de la ZAC, il \u00e9tait temps de s\u2019y mettre&nbsp;: rappelons que les arbres n\u00e9cessitent beaucoup plus de temps&#46;&#46;&#46;<\/p>\n","protected":false},"author":10,"featured_media":6022,"comment_status":"closed","ping_status":"closed","sticky":false,"template":"","format":"standard","meta":{"_exactmetrics_skip_tracking":false,"_exactmetrics_sitenote_active":false,"_exactmetrics_sitenote_note":"","_exactmetrics_sitenote_category":0,"ngg_post_thumbnail":0,"footnotes":""},"categories":[1],"tags":[],"class_list":["post-5819","post","type-post","status-publish","format-standard","has-post-thumbnail","hentry","category-non-classe"],"_links":{"self":[{"href":"https:\/\/urbanicc.fr\/index.php\/wp-json\/wp\/v2\/posts\/5819","targetHints":{"allow":["GET"]}}],"collection":[{"href":"https:\/\/urbanicc.fr\/index.php\/wp-json\/wp\/v2\/posts"}],"about":[{"href":"https:\/\/urbanicc.fr\/index.php\/wp-json\/wp\/v2\/types\/post"}],"author":[{"embeddable":true,"href":"https:\/\/urbanicc.fr\/index.php\/wp-json\/wp\/v2\/users\/10"}],"replies":[{"embeddable":true,"href":"https:\/\/urbanicc.fr\/index.php\/wp-json\/wp\/v2\/comments?post=5819"}],"version-history":[{"count":76,"href":"https:\/\/urbanicc.fr\/index.php\/wp-json\/wp\/v2\/posts\/5819\/revisions"}],"predecessor-version":[{"id":6084,"href":"https:\/\/urbanicc.fr\/index.php\/wp-json\/wp\/v2\/posts\/5819\/revisions\/6084"}],"wp:featuredmedia":[{"embeddable":true,"href":"https:\/\/urbanicc.fr\/index.php\/wp-json\/wp\/v2\/media\/6022"}],"wp:attachment":[{"href":"https:\/\/urbanicc.fr\/index.php\/wp-json\/wp\/v2\/media?parent=5819"}],"wp:term":[{"taxonomy":"category","embeddable":true,"href":"https:\/\/urbanicc.fr\/index.php\/wp-json\/wp\/v2\/categories?post=5819"},{"taxonomy":"post_tag","embeddable":true,"href":"https:\/\/urbanicc.fr\/index.php\/wp-json\/wp\/v2\/tags?post=5819"}],"curies":[{"name":"wp","href":"https:\/\/api.w.org\/{rel}","templated":true}]}}