{"id":5784,"date":"2023-10-18T11:37:02","date_gmt":"2023-10-18T09:37:02","guid":{"rendered":"https:\/\/urbanicc.fr\/?p=5784"},"modified":"2023-10-18T11:37:03","modified_gmt":"2023-10-18T09:37:03","slug":"grand-pari-circulaire-a-ivry","status":"publish","type":"post","link":"https:\/\/urbanicc.fr\/index.php\/2023\/10\/18\/grand-pari-circulaire-a-ivry\/","title":{"rendered":"Grand pari circulaire \u00e0 Ivry"},"content":{"rendered":"\n<h3 class=\"wp-block-heading\"><strong><s>D\u00e9but octobre, la M\u00e9tropole du Grand Paris organisait son \u00ab <\/s><\/strong><a href=\"https:\/\/gpc.metropolegrandparis.fr\/programme\/\"><strong><s>Grand Paris circulaire<\/s><\/strong><\/a><strong><s> \u00bb : une s\u00e9rie de rencontres dans toute la m\u00e9tropole autour de l\u2019\u00e9conomie circulaire.\u00a0<\/s><\/strong><\/h3>\n\n\n\n<div style=\"height:40px\" aria-hidden=\"true\" class=\"wp-block-spacer\"><\/div>\n\n\n\n<h2 class=\"wp-block-heading\"><strong>Grand Paris circulaire<\/strong><\/h2>\n\n\n\n<p>Pour la journ\u00e9e consacr\u00e9e \u00e0 la seconde vie des objets, <a href=\"https:\/\/www.maximum.paris\/pages\/maximum\/\">Maximum<\/a> a ouvert les portes de ses ateliers de 1200 m2, pr\u00e8s de la Place Gambetta, afin d\u2019expliquer leur d\u00e9marche, donner \u00e0 voir leurs produits ainsi que leurs ateliers et pr\u00e9senter leur grand projet de d\u00e9veloppement sur la ZAC Ivry-Confluences. D\u2019autres acteurs de l\u2019\u00e9conomie circulaire ont pu \u00e9galement y pr\u00e9senter leurs activit\u00e9s respectives. \u00c0 la suite de leurs interventions, un atelier de r\u00e9flexion autour du soutien des pouvoirs publics \u00e0 la fili\u00e8re s\u2019est tenu en duplex avec la ressourcerie <a href=\"https:\/\/ressourcerie-la-mine.com\">La Mine<\/a>, \u00e0 Arcueil.<\/p>\n\n\n<div class=\"wp-block-image\">\n<figure class=\"aligncenter size-large\"><img loading=\"lazy\" decoding=\"async\" width=\"1024\" height=\"768\" src=\"https:\/\/urbanicc.fr\/wp-content\/uploads\/2023\/10\/1_grand-paris-circulaire-1024x768.jpg\" alt=\"\" class=\"wp-image-5791\" srcset=\"https:\/\/urbanicc.fr\/wp-content\/uploads\/2023\/10\/1_grand-paris-circulaire-1024x768.jpg 1024w, https:\/\/urbanicc.fr\/wp-content\/uploads\/2023\/10\/1_grand-paris-circulaire-300x225.jpg 300w, https:\/\/urbanicc.fr\/wp-content\/uploads\/2023\/10\/1_grand-paris-circulaire-768x576.jpg 768w, https:\/\/urbanicc.fr\/wp-content\/uploads\/2023\/10\/1_grand-paris-circulaire-1536x1152.jpg 1536w, https:\/\/urbanicc.fr\/wp-content\/uploads\/2023\/10\/1_grand-paris-circulaire-2048x1536.jpg 2048w\" sizes=\"auto, (max-width: 1024px) 100vw, 1024px\" \/><figcaption class=\"wp-element-caption\"><em>Pr\u00e9sentation de Tissium, le nouveau projet de mat\u00e9riau d\u2019ameublement \u00e0 base de d\u00e9chets de tissu et de peinture industrielle, con\u00e7u par Maximum.<\/em><\/figcaption><\/figure>\n<\/div>\n\n\n<div style=\"height:52px\" aria-hidden=\"true\" class=\"wp-block-spacer\"><\/div>\n\n\n\n<p>L\u2019enjeu est maintenant de transformer cet \u00e9cosyst\u00e8me exp\u00e9rimental en v\u00e9ritable fili\u00e8re structur\u00e9e et p\u00e9renne. Les d\u00e9chets de l\u2019industrie et de la construction deviennent alors des \u2018gisements\u2019 de mati\u00e8re premi\u00e8re et on s\u2019attache \u00e0 r\u00e9parer les objets plut\u00f4t que de se r\u00e9signer \u00e0 en changer ou \u00e0 jeter.<\/p>\n\n\n\n<p>&#8211; <a href=\"https:\/\/www.bilum.fr\/fr\/content\/9-concept\">Bilum<\/a> a pr\u00e9sent\u00e9 son activit\u00e9 de valorisation de b\u00e2ches usag\u00e9es notamment en collaboration avec Maximum : la boucle est boucl\u00e9e.&nbsp;<\/p>\n\n\n\n<p>&#8211; Suivi par <a href=\"https:\/\/vesto.fr\/qui-sommes-nous\/\">Vesto<\/a> qui a pu pr\u00e9senter son activit\u00e9 de reconditionnement de mat\u00e9riel professionnel pour la restauration.&nbsp;<\/p>\n\n\n\n<p>Dop\u00e9s par leurs exp\u00e9riences et ultra-motiv\u00e9s par les perspectives d\u2019une \u00e9conomie durable, chacun d\u00e9veloppe d\u00e9j\u00e0 des projets de diversification.<\/p>\n\n\n<div class=\"wp-block-image\">\n<figure class=\"aligncenter size-large\"><img loading=\"lazy\" decoding=\"async\" width=\"1024\" height=\"768\" src=\"https:\/\/urbanicc.fr\/wp-content\/uploads\/2023\/10\/2_maximum-1024x768.jpg\" alt=\"\" class=\"wp-image-5790\" srcset=\"https:\/\/urbanicc.fr\/wp-content\/uploads\/2023\/10\/2_maximum-1024x768.jpg 1024w, https:\/\/urbanicc.fr\/wp-content\/uploads\/2023\/10\/2_maximum-300x225.jpg 300w, https:\/\/urbanicc.fr\/wp-content\/uploads\/2023\/10\/2_maximum-768x576.jpg 768w, https:\/\/urbanicc.fr\/wp-content\/uploads\/2023\/10\/2_maximum-1536x1152.jpg 1536w, https:\/\/urbanicc.fr\/wp-content\/uploads\/2023\/10\/2_maximum-2048x1536.jpg 2048w\" sizes=\"auto, (max-width: 1024px) 100vw, 1024px\" \/><figcaption class=\"wp-element-caption\"><em>Visite des premiers ateliers de Maximum, pr\u00e8s de la Place Gambetta (Ivry-sur-Seine).<\/em><\/figcaption><\/figure>\n<\/div>\n\n\n<div style=\"height:32px\" aria-hidden=\"true\" class=\"wp-block-spacer\"><\/div>\n\n\n\n<h2 class=\"wp-block-heading\"><strong>C\u00f4t\u00e9 ZAC Ivry Confluences<\/strong><\/h2>\n\n\n\n<p>Concernant la ZAC, Maximum voit grand pour 2025 ! Il y a chez eux un vrai engagement, autant sur ces enjeux que pour la ville d\u2019Ivry-sur-Seine en elle-m\u00eame. Pour eux, \u00e9conomie circulaire rime avec local et social. En lieu et place de la Guinguette du port, leur nouveau projet pour les Halles SAGEP s\u2019inscrit certes dans le projet urbain de la ZAC, comme bassin d\u2019emploi et hub de production\/distribution, mais aussi comme lieu de vie publique et citoyenne.<\/p>\n\n\n\n<p>Il s\u2019agit d\u2019un complexe de 4500 m2 o\u00f9 s\u2019imbriquent ateliers de production et espaces p\u00e9dagogiques autour de leur production ; aussi bien dans le but d\u2019informer le public sur la n\u00e9cessit\u00e9 de valoriser les d\u00e9chets que de stimuler des vocations pour l\u2019\u00e9conomie circulaire et solidaire. On y retrouve aussi un lieu de culture en partenariat avec la Mairie, ainsi qu\u2019un lieu de loisir et de restauration en collaboration avec <a href=\"https:\/\/leperchoir.fr\/le-perchoir-responsable\/\">Le Perchoir<\/a>, exp\u00e9riment\u00e9 dans la valorisation de lieux atypiques pour la restauration.\u00a0<\/p>\n\n\n<div class=\"wp-block-image\">\n<figure class=\"aligncenter size-large\"><img loading=\"lazy\" decoding=\"async\" width=\"1024\" height=\"768\" src=\"https:\/\/urbanicc.fr\/wp-content\/uploads\/2023\/10\/3_halles-sagep-1024x768.jpg\" alt=\"\" class=\"wp-image-5789\" srcset=\"https:\/\/urbanicc.fr\/wp-content\/uploads\/2023\/10\/3_halles-sagep-1024x768.jpg 1024w, https:\/\/urbanicc.fr\/wp-content\/uploads\/2023\/10\/3_halles-sagep-300x225.jpg 300w, https:\/\/urbanicc.fr\/wp-content\/uploads\/2023\/10\/3_halles-sagep-768x576.jpg 768w, https:\/\/urbanicc.fr\/wp-content\/uploads\/2023\/10\/3_halles-sagep-1536x1152.jpg 1536w, https:\/\/urbanicc.fr\/wp-content\/uploads\/2023\/10\/3_halles-sagep-2048x1536.jpg 2048w\" sizes=\"auto, (max-width: 1024px) 100vw, 1024px\" \/><figcaption class=\"wp-element-caption\"><em>Visite des Halles SAGEP (Ivry-sur-Seine), futurs ateliers de Tissium pour Maximum .<\/em><br><\/figcaption><\/figure>\n<\/div>\n\n\n<h3 class=\"wp-block-heading\">\u00c0 suivre\u2026<\/h3>\n\n\n\n<p><\/p>\n\n\n\n<p>R\u00e9f\u00e9rences compl\u00e9mentaires : <a href=\"https:\/\/gpc.metropolegrandparis.fr\/presentations\/\">les supports de pr\u00e9sentation des intervenants et autres ressources partag\u00e9es autour de l\u2019\u00e9v\u00e8nement<\/a><\/p>\n\n\n\n<div style=\"height:100px\" aria-hidden=\"true\" class=\"wp-block-spacer\"><\/div>\n","protected":false},"excerpt":{"rendered":"<p>D\u00e9but octobre, la M\u00e9tropole du Grand Paris organisait son \u00ab Grand Paris circulaire \u00bb : une s\u00e9rie de rencontres dans toute la m\u00e9tropole autour de l\u2019\u00e9conomie circulaire.\u00a0 Grand Paris circulaire Pour la journ\u00e9e consacr\u00e9e \u00e0 la seconde vie des objets, Maximum a ouvert les portes de ses ateliers de 1200&#46;&#46;&#46;<\/p>\n","protected":false},"author":10,"featured_media":5793,"comment_status":"closed","ping_status":"closed","sticky":false,"template":"","format":"standard","meta":{"_exactmetrics_skip_tracking":false,"_exactmetrics_sitenote_active":false,"_exactmetrics_sitenote_note":"","_exactmetrics_sitenote_category":0,"ngg_post_thumbnail":0,"footnotes":""},"categories":[1],"tags":[],"class_list":["post-5784","post","type-post","status-publish","format-standard","has-post-thumbnail","hentry","category-non-classe"],"_links":{"self":[{"href":"https:\/\/urbanicc.fr\/index.php\/wp-json\/wp\/v2\/posts\/5784","targetHints":{"allow":["GET"]}}],"collection":[{"href":"https:\/\/urbanicc.fr\/index.php\/wp-json\/wp\/v2\/posts"}],"about":[{"href":"https:\/\/urbanicc.fr\/index.php\/wp-json\/wp\/v2\/types\/post"}],"author":[{"embeddable":true,"href":"https:\/\/urbanicc.fr\/index.php\/wp-json\/wp\/v2\/users\/10"}],"replies":[{"embeddable":true,"href":"https:\/\/urbanicc.fr\/index.php\/wp-json\/wp\/v2\/comments?post=5784"}],"version-history":[{"count":5,"href":"https:\/\/urbanicc.fr\/index.php\/wp-json\/wp\/v2\/posts\/5784\/revisions"}],"predecessor-version":[{"id":5792,"href":"https:\/\/urbanicc.fr\/index.php\/wp-json\/wp\/v2\/posts\/5784\/revisions\/5792"}],"wp:featuredmedia":[{"embeddable":true,"href":"https:\/\/urbanicc.fr\/index.php\/wp-json\/wp\/v2\/media\/5793"}],"wp:attachment":[{"href":"https:\/\/urbanicc.fr\/index.php\/wp-json\/wp\/v2\/media?parent=5784"}],"wp:term":[{"taxonomy":"category","embeddable":true,"href":"https:\/\/urbanicc.fr\/index.php\/wp-json\/wp\/v2\/categories?post=5784"},{"taxonomy":"post_tag","embeddable":true,"href":"https:\/\/urbanicc.fr\/index.php\/wp-json\/wp\/v2\/tags?post=5784"}],"curies":[{"name":"wp","href":"https:\/\/api.w.org\/{rel}","templated":true}]}}