{"id":5574,"date":"2023-07-21T22:18:18","date_gmt":"2023-07-21T20:18:18","guid":{"rendered":"https:\/\/urbanicc.fr\/?p=5574"},"modified":"2023-07-21T22:18:20","modified_gmt":"2023-07-21T20:18:20","slug":"sondage-vegetalisation-ivry-port","status":"publish","type":"post","link":"https:\/\/urbanicc.fr\/index.php\/2023\/07\/21\/sondage-vegetalisation-ivry-port\/","title":{"rendered":"Sondage &#8211; v\u00e9g\u00e9talisation Ivry-Port"},"content":{"rendered":"\n<h3 class=\"wp-block-heading\"><s>Urbanicc r\u00e9alise actuellement un sondage sur la v\u00e9g\u00e9talisation actuelle et future du quartier.<\/s><\/h3>\n\n\n\n<p>Merci de donner votre avis (si vous ne l&rsquo;avez pas fait notamment \u00e0 la f\u00eate de quartier) via ce <a href=\"https:\/\/forms.office.com\/Pages\/ResponsePage.aspx?id=DQSIkWdsW0yxEjajBLZtrQAAAAAAAAAAAANAAYQxWA5URUFDUDNXRUROTUtWTzhLOTA2OVI0MDdXUi4u\" target=\"_blank\" rel=\"noreferrer noopener\">lien<\/a>.<\/p>\n\n\n\n<p>C&rsquo;est anonyme et cela prend moins de 3 minutes \u00e0 remplir.<\/p>\n\n\n\n<p>Nous pr\u00e9senterons les r\u00e9sultats aux \u00e9lus et aux autres habitants lors d&rsquo;une r\u00e9union publique que nous pr\u00e9voyons d&rsquo;organiser \u00e0 la rentr\u00e9e.<\/p>\n\n\n\n<p>Plus nous aurons de r\u00e9ponses, plus nous aurons de poids !<\/p>\n\n\n\n<p>A bient\u00f4t !!<\/p>\n\n\n\n<p>L&rsquo;\u00e9quipe d&rsquo;URBANICC<\/p>\n\n\n\n<div style=\"height:100px\" aria-hidden=\"true\" class=\"wp-block-spacer\"><\/div>\n","protected":false},"excerpt":{"rendered":"<p>Urbanicc r\u00e9alise actuellement un sondage sur la v\u00e9g\u00e9talisation actuelle et future du quartier. Merci de donner votre avis (si vous ne l&rsquo;avez pas fait notamment \u00e0 la f\u00eate de quartier) via ce lien. C&rsquo;est anonyme et cela prend moins de 3 minutes \u00e0 remplir. Nous pr\u00e9senterons les r\u00e9sultats aux \u00e9lus&#46;&#46;&#46;<\/p>\n","protected":false},"author":10,"featured_media":5578,"comment_status":"closed","ping_status":"closed","sticky":false,"template":"","format":"standard","meta":{"_exactmetrics_skip_tracking":false,"_exactmetrics_sitenote_active":false,"_exactmetrics_sitenote_note":"","_exactmetrics_sitenote_category":0,"ngg_post_thumbnail":0,"footnotes":""},"categories":[1],"tags":[],"class_list":["post-5574","post","type-post","status-publish","format-standard","has-post-thumbnail","hentry","category-non-classe"],"_links":{"self":[{"href":"https:\/\/urbanicc.fr\/index.php\/wp-json\/wp\/v2\/posts\/5574","targetHints":{"allow":["GET"]}}],"collection":[{"href":"https:\/\/urbanicc.fr\/index.php\/wp-json\/wp\/v2\/posts"}],"about":[{"href":"https:\/\/urbanicc.fr\/index.php\/wp-json\/wp\/v2\/types\/post"}],"author":[{"embeddable":true,"href":"https:\/\/urbanicc.fr\/index.php\/wp-json\/wp\/v2\/users\/10"}],"replies":[{"embeddable":true,"href":"https:\/\/urbanicc.fr\/index.php\/wp-json\/wp\/v2\/comments?post=5574"}],"version-history":[{"count":3,"href":"https:\/\/urbanicc.fr\/index.php\/wp-json\/wp\/v2\/posts\/5574\/revisions"}],"predecessor-version":[{"id":5577,"href":"https:\/\/urbanicc.fr\/index.php\/wp-json\/wp\/v2\/posts\/5574\/revisions\/5577"}],"wp:featuredmedia":[{"embeddable":true,"href":"https:\/\/urbanicc.fr\/index.php\/wp-json\/wp\/v2\/media\/5578"}],"wp:attachment":[{"href":"https:\/\/urbanicc.fr\/index.php\/wp-json\/wp\/v2\/media?parent=5574"}],"wp:term":[{"taxonomy":"category","embeddable":true,"href":"https:\/\/urbanicc.fr\/index.php\/wp-json\/wp\/v2\/categories?post=5574"},{"taxonomy":"post_tag","embeddable":true,"href":"https:\/\/urbanicc.fr\/index.php\/wp-json\/wp\/v2\/tags?post=5574"}],"curies":[{"name":"wp","href":"https:\/\/api.w.org\/{rel}","templated":true}]}}