{"id":5150,"date":"2022-01-27T11:15:18","date_gmt":"2022-01-27T10:15:18","guid":{"rendered":"https:\/\/urbanicc.fr\/?p=5150"},"modified":"2022-01-27T11:15:20","modified_gmt":"2022-01-27T10:15:20","slug":"nouvel-espace-public-temporaire-rue-des-lampes","status":"publish","type":"post","link":"https:\/\/urbanicc.fr\/index.php\/2022\/01\/27\/nouvel-espace-public-temporaire-rue-des-lampes\/","title":{"rendered":"Nouvel espace public temporaire rue des Lampes"},"content":{"rendered":"\n<h2 class=\"wp-block-heading\" id=\"reunion-publique-du-22-janvier-2022-sur-l-amenagement-temporaire-rue-des-lampes-comment-creer-un-nouvel-espace-public-temporaire-de-proximite-pour-decharger-le-passage-de-la-minoterie\"><strong><s>R\u00e9union publique du 22 janvier 2022 sur l&rsquo;am\u00e9nagement temporaire rue des Lampes&nbsp;: comment cr\u00e9er un nouvel espace public temporaire de proximit\u00e9 pour d\u00e9charger le passage de la Minoterie&nbsp;?<\/s><\/strong><\/h2>\n\n\n\n<p>Suite \u00e0 l&rsquo;interpellation des habitants sur la sur-fr\u00e9quentation du square\/passage de la Minoterie, la Mairie a organis\u00e9 deux r\u00e9unions publiques en Octobre 2021 et le 11 janvier 2022. Lors de ces deux r\u00e9unions il a \u00e9t\u00e9 constat\u00e9 le manque criant d&rsquo;espaces publics de proximit\u00e9 pour les jeunes et les adolescents, qui se retrouvent contraints de jouer au ballon dans le passage de la Minoterie ce qui cr\u00e9\u00e9 des nuisances importantes pour les habitants et pour le cabinet dentaire.<\/p>\n\n\n\n<h3 class=\"wp-block-heading\" id=\"un-espace-assez-modeste-face-a-la-densite-du-voisinage\"><s>Un espace assez modeste, face \u00e0 la densit\u00e9 du voisinage.<\/s><\/h3>\n\n\n\n<figure class=\"wp-block-image size-full\"><img loading=\"lazy\" decoding=\"async\" width=\"1686\" height=\"786\" src=\"https:\/\/urbanicc.fr\/wp-content\/uploads\/2022\/01\/lampes_carte.jpg\" alt=\"\" class=\"wp-image-5163\" srcset=\"https:\/\/urbanicc.fr\/wp-content\/uploads\/2022\/01\/lampes_carte.jpg 1686w, https:\/\/urbanicc.fr\/wp-content\/uploads\/2022\/01\/lampes_carte-300x140.jpg 300w, https:\/\/urbanicc.fr\/wp-content\/uploads\/2022\/01\/lampes_carte-1024x477.jpg 1024w, https:\/\/urbanicc.fr\/wp-content\/uploads\/2022\/01\/lampes_carte-768x358.jpg 768w, https:\/\/urbanicc.fr\/wp-content\/uploads\/2022\/01\/lampes_carte-1536x716.jpg 1536w\" sizes=\"auto, (max-width: 1686px) 100vw, 1686px\" \/><\/figure>\n\n\n\n<p>Pour r\u00e9pondre aux probl\u00e8mes soulev\u00e9s par les habitants, la Mairie a propos\u00e9 d\u2019am\u00e9nager temporairement un espace public rue des Lampes, \u00e0 l&rsquo;angle de la rue Rigaud, en face de la r\u00e9sidence Rigaud et de la r\u00e9sidence Lumen, sur le site du futur ivrynage \u00ab\u00a0Lampes\u00a0\u00bb. Cette languette de terrain, appartenant \u00e0 la SADEV et qui fait actuellement 600m2, pourrait \u00e9ventuellement dans un second temps, se prolonger jusqu&rsquo;\u00e0 la rue Maurice Gunsbourg. Cette espace public serait temporaire en attendant la relocalisation de l&rsquo;entreprise Axelis+ et la future urbanisation de cet ilot dans les 5 prochaines ann\u00e9es. A terme, il sera remplac\u00e9 par un espace public au c\u0153ur de l\u2019ivrynage \u00ab\u00a0Lampes\u00a0\u00bb. La mairie a invit\u00e9 les habitants sur le terrain le 22 janvier 2022 afin de recueillir les id\u00e9es des habitants sur l&rsquo;am\u00e9nagement de ce futur espace temporaire. Cette r\u00e9union a eu lieu en pr\u00e9sence de l&rsquo;adjoint en charge d\u2019Ivry Port, de l&rsquo;adjoint en charge de l&rsquo;urbanisme, et du charg\u00e9 d\u2019op\u00e9ration au service de l\u2019urbanisme, ainsi que des membres du service technique de la ville. Une trentaine d\u2019habitants se sont pr\u00e9sent\u00e9s.<\/p>\n\n\n\n<h3 class=\"wp-block-heading\" id=\"les-amenagements-frugaux-prevus-repondront-ils-aux-attentes-fortes-des-habitants\"><s>Les am\u00e9nagements frugaux pr\u00e9vus r\u00e9pondront-ils aux attentes fortes des habitants ?<\/s><\/h3>\n\n\n\n<p>La r\u00e9union a \u00e9t\u00e9 d\u00e9but\u00e9e par une br\u00e8ve pr\u00e9sentation de l&rsquo;adjoint en charge de l&rsquo;urbanisme, qui a rappel\u00e9 la vocation de cet espace, et qui a invit\u00e9 les habitants \u00e0 proposer des solutions d\u2019am\u00e9nagements. Une fois toutes les propositions des habitants recueillies, la ville proposera un projet d&rsquo;am\u00e9nagement qui sera pr\u00e9sent\u00e9 publiquement au printemps 2022 juste avant une ouverture rapide de l&rsquo;espace. Il a signal\u00e9 que l&rsquo;am\u00e9nagement serait n\u00e9anmoins contraint par un budget limit\u00e9 et par le rev\u00eatement actuel qui est compos\u00e9 de sable stabilis\u00e9 (m\u00e9lange de sable et de ciment). L&rsquo;espace rectangulaire sera bord\u00e9 par une cl\u00f4ture l\u00e9g\u00e8re qui ne permettra pas d\u2019en interdire l&rsquo;acc\u00e8s la nuit.<\/p>\n\n\n\n<figure class=\"wp-block-gallery has-nested-images columns-default is-cropped wp-block-gallery-1 is-layout-flex wp-block-gallery-is-layout-flex\">\n<figure class=\"wp-block-image size-large\"><a href=\"https:\/\/urbanicc.fr\/wp-content\/uploads\/2022\/01\/IMG-20220122-WA0006.jpg\"><img loading=\"lazy\" decoding=\"async\" width=\"1024\" height=\"1024\" data-id=\"5159\" src=\"https:\/\/urbanicc.fr\/wp-content\/uploads\/2022\/01\/IMG-20220122-WA0006-1024x1024.jpg\" alt=\"\" class=\"wp-image-5159\" srcset=\"https:\/\/urbanicc.fr\/wp-content\/uploads\/2022\/01\/IMG-20220122-WA0006-1024x1024.jpg 1024w, https:\/\/urbanicc.fr\/wp-content\/uploads\/2022\/01\/IMG-20220122-WA0006-300x300.jpg 300w, https:\/\/urbanicc.fr\/wp-content\/uploads\/2022\/01\/IMG-20220122-WA0006-150x150.jpg 150w, https:\/\/urbanicc.fr\/wp-content\/uploads\/2022\/01\/IMG-20220122-WA0006-768x768.jpg 768w, https:\/\/urbanicc.fr\/wp-content\/uploads\/2022\/01\/IMG-20220122-WA0006-80x80.jpg 80w, https:\/\/urbanicc.fr\/wp-content\/uploads\/2022\/01\/IMG-20220122-WA0006-320x320.jpg 320w, https:\/\/urbanicc.fr\/wp-content\/uploads\/2022\/01\/IMG-20220122-WA0006.jpg 1496w\" sizes=\"auto, (max-width: 1024px) 100vw, 1024px\" \/><\/a><\/figure>\n\n\n\n<figure class=\"wp-block-image size-large\"><a href=\"https:\/\/urbanicc.fr\/wp-content\/uploads\/2022\/01\/20220122_141846-1-scaled.jpg\"><img loading=\"lazy\" decoding=\"async\" width=\"1024\" height=\"577\" data-id=\"5160\" src=\"https:\/\/urbanicc.fr\/wp-content\/uploads\/2022\/01\/20220122_141846-1-1024x577.jpg\" alt=\"\" class=\"wp-image-5160\" srcset=\"https:\/\/urbanicc.fr\/wp-content\/uploads\/2022\/01\/20220122_141846-1-1024x577.jpg 1024w, https:\/\/urbanicc.fr\/wp-content\/uploads\/2022\/01\/20220122_141846-1-300x169.jpg 300w, https:\/\/urbanicc.fr\/wp-content\/uploads\/2022\/01\/20220122_141846-1-768x432.jpg 768w, https:\/\/urbanicc.fr\/wp-content\/uploads\/2022\/01\/20220122_141846-1-1536x865.jpg 1536w, https:\/\/urbanicc.fr\/wp-content\/uploads\/2022\/01\/20220122_141846-1-2048x1153.jpg 2048w\" sizes=\"auto, (max-width: 1024px) 100vw, 1024px\" \/><\/a><\/figure>\n\n\n\n<figure class=\"wp-block-image size-large\"><a href=\"https:\/\/urbanicc.fr\/wp-content\/uploads\/2022\/01\/20220122_143506-scaled.jpg\"><img loading=\"lazy\" decoding=\"async\" width=\"1024\" height=\"577\" data-id=\"5161\" src=\"https:\/\/urbanicc.fr\/wp-content\/uploads\/2022\/01\/20220122_143506-1024x577.jpg\" alt=\"\" class=\"wp-image-5161\" srcset=\"https:\/\/urbanicc.fr\/wp-content\/uploads\/2022\/01\/20220122_143506-1024x577.jpg 1024w, https:\/\/urbanicc.fr\/wp-content\/uploads\/2022\/01\/20220122_143506-300x169.jpg 300w, https:\/\/urbanicc.fr\/wp-content\/uploads\/2022\/01\/20220122_143506-768x432.jpg 768w, https:\/\/urbanicc.fr\/wp-content\/uploads\/2022\/01\/20220122_143506-1536x865.jpg 1536w, https:\/\/urbanicc.fr\/wp-content\/uploads\/2022\/01\/20220122_143506-2048x1153.jpg 2048w\" sizes=\"auto, (max-width: 1024px) 100vw, 1024px\" \/><\/a><\/figure>\n<\/figure>\n\n\n\n<div style=\"height:100px\" aria-hidden=\"true\" class=\"wp-block-spacer\"><\/div>\n\n\n\n<h3 class=\"wp-block-heading\" id=\"les-habitants-ont-ensuite-ete-divises-en-quatre-groupes-qui-ont-parcouru-le-terrain-chaque-petit-groupe-a-elabore-des-propositions-qui-ont-ensuite-ete-restituees-a-l-ensemble-de-l-assistance\"><s>Les habitants ont ensuite \u00e9t\u00e9 divis\u00e9s en quatre groupes qui ont parcouru le terrain. Chaque petit groupe a \u00e9labor\u00e9 des propositions qui ont ensuite \u00e9t\u00e9 restitu\u00e9es \u00e0 l&rsquo;ensemble de l&rsquo;assistance.<\/s><\/h3>\n\n\n\n<p>Les habitants, qui sont parfois venus avec leurs enfants, se sont pr\u00eat\u00e9s au jeu. Certains sont m\u00eame venus pr\u00e9par\u00e9s et ils ont donn\u00e9 aux organisateurs des plans avec leurs propositions.<\/p>\n\n\n\n<p>De mani\u00e8re consensuelle il est apparu que cet espace devait avoir certes une priorit\u00e9 pour les jeux de ballons pour les jeunes et les adolescents mais qu&rsquo;il devait y avoir \u00e9galement un espace de convivialit\u00e9 pour les parents ainsi qu&rsquo;un espace pour les tous petits.<\/p>\n\n\n\n<p>Du fait de la circulation importante rue Rigaud, il a \u00e9t\u00e9 propos\u00e9 de mettre les entr\u00e9es plut\u00f4t du c\u00f4t\u00e9 de la rue des Lampes et de mettre un espace pour les v\u00e9los le long de la rue Rigaud ce qui permettrait de faire un tampon entre la circulation et l&rsquo;aire de jeux.<\/p>\n\n\n\n<p>Concernant les jeux pour les enfants et les adolescents, ceux-ci seront contraints par le rev\u00eatement qui ne permettra pas de jouer au basket-ball ou au handball par exemple. Il a \u00e9t\u00e9 propos\u00e9 que l&rsquo;espace ballon soit mis au fond du terrain (cot\u00e9 Gunsbourg) et qu&rsquo;un filet soit install\u00e9 du c\u00f4t\u00e9 de la rue des Lampes pour \u00e9viter que les ballons n&rsquo;aillent dans la circulation. Si la pose d&rsquo;un filet pour jouer au badminton et au volleyball ne semble pas possible, certains ont propos\u00e9 de mettre des poteaux adapt\u00e9s pour que les habitants puissent installer leurs propres filets. Certains habitants ont aussi \u00e9voqu\u00e9 l&rsquo;id\u00e9e de mettre un mur d&rsquo;escalade du c\u00f4t\u00e9 de la cl\u00f4ture de l&rsquo;entreprise Axelis+ ainsi qu&rsquo;un petit skate parc. Une habitante a \u00e9mis une inqui\u00e9tude sur le risque que les filles se sentent exclues de l&rsquo;espace si celui-ci devient domin\u00e9 par le football et qu&rsquo;il sera alors n\u00e9cessaire de leur d\u00e9dier d&rsquo;autres espaces dans le quartier pour qu&rsquo;elles puissent faire du sport.<\/p>\n\n\n\n<div style=\"height:100px\" aria-hidden=\"true\" class=\"wp-block-spacer\"><\/div>\n\n\n\n<h3 class=\"wp-block-heading\" id=\"de-nombreuses-propositions-mais-de-l-aveu-meme-des-elus-un-budget-extremement-serre\"><s>De nombreuses propositions, mais de l&rsquo;aveu m\u00eame des \u00e9lus, un budget extr\u00eamement serr\u00e9.<\/s><\/h3>\n\n\n\n<p>Plusieurs habitants ont soulign\u00e9 l&rsquo;absence d&rsquo;espaces de convivialit\u00e9 pour se retrouver entre adultes dans le quartier. Au milieu du terrain, il pourrait y avoir des tables de pique-nique avec un abri en cas de pluie associ\u00e9 \u00e0 un espace pour jouer \u00e0 la p\u00e9tanque, et des barres de traction pour faire du fitness en plein air. Dans cette partie qui serait au centre de l\u2019espace, il pourrait \u00eatre utile d&rsquo;avoir un point d&rsquo;eau.<\/p>\n\n\n\n<p>Finalement, les parents ont rappel\u00e9 qu&rsquo;ils \u00e9taient nombreux \u00e0 avoir \u00e0 la fois des jeunes adolescents et des enfants en bas \u00e2ge, et qu&rsquo;il faudrait \u00e9galement pr\u00e9voir des jeux pour les tout-petits, en essayant de proposer des jeux qui ne sont pas disponibles ailleurs place de l\u2019Insurrection ou au parc des Cormailles comme des balan\u00e7oires. Certains ont propos\u00e9 la mise en place de sanitaires pour les petits enfants et des espaces de jardinage.<\/p>\n\n\n\n<p>Sur le plan de la v\u00e9g\u00e9tation, les habitants sont plut\u00f4t favorables au maintien des arbres en bordure du terrain et certains ont parl\u00e9 du manque d&rsquo;espace canins dans le quartier. Ce lieu pourrait devenir un lieu d&rsquo;expression artistique notamment si l&rsquo;on permet la r\u00e9alisation d&rsquo;\u0153uvres sur la cl\u00f4ture du c\u00f4t\u00e9 de l&rsquo;entreprise Axelis+.<\/p>\n\n\n\n<div style=\"height:100px\" aria-hidden=\"true\" class=\"wp-block-spacer\"><\/div>\n\n\n\n<h3 class=\"wp-block-heading\" id=\"cette-forte-participation-des-habitants-et-l-expression-de-leurs-attentes-montrent-qu-il-y-a-un-tres-fort-besoin-d-espaces-publics-de-proximite\"><s>Cette forte participation des habitants et l&rsquo;expression de leurs attentes montrent qu&rsquo;il y a un tr\u00e8s fort besoin d&rsquo;espaces publics de proximit\u00e9.<\/s><\/h3>\n\n\n\n<h3 class=\"wp-block-heading\" id=\"la-reunion-a-ete-riche-en-propositions-et-on-peut-souligner-un-effort-de-concertation-de-la-mairie-en-amont-de-l-elaboration-d-un-amenagement-ce-qui-est-rare-dans-le-projet-de-la-zac-ivry-confluences-a-voir-si-les-propositions-des-habitants-seront-pris-en-compte-et-si-ce-type-de-concertation-sera-developpe-sur-d-autres-projets-de-la-zac\"><strong><s>La r\u00e9union a \u00e9t\u00e9 riche en propositions et on peut souligner un effort de concertation de la Mairie en amont de l&rsquo;\u00e9laboration d&rsquo;un am\u00e9nagement ce qui est rare dans le projet de la ZAC Ivry Confluences. A voir si les propositions des habitants seront pris en compte et si ce type de concertation sera d\u00e9velopp\u00e9 sur d\u2019autres projets de la ZAC.<\/s><\/strong><\/h3>\n\n\n\n<div style=\"height:100px\" aria-hidden=\"true\" class=\"wp-block-spacer\"><\/div>\n\n\n\n<p><\/p>\n","protected":false},"excerpt":{"rendered":"<p>R\u00e9union publique du 22 janvier 2022 sur l&rsquo;am\u00e9nagement temporaire rue des Lampes&nbsp;: comment cr\u00e9er un nouvel espace public temporaire de proximit\u00e9 pour d\u00e9charger le passage de la Minoterie&nbsp;? Suite \u00e0 l&rsquo;interpellation des habitants sur la sur-fr\u00e9quentation du square\/passage de la Minoterie, la Mairie a organis\u00e9 deux r\u00e9unions publiques en Octobre&#46;&#46;&#46;<\/p>\n","protected":false},"author":10,"featured_media":5176,"comment_status":"open","ping_status":"open","sticky":false,"template":"","format":"standard","meta":{"_exactmetrics_skip_tracking":false,"_exactmetrics_sitenote_active":false,"_exactmetrics_sitenote_note":"","_exactmetrics_sitenote_category":0,"ngg_post_thumbnail":0,"footnotes":""},"categories":[15,9],"tags":[],"class_list":["post-5150","post","type-post","status-publish","format-standard","has-post-thumbnail","hentry","category-article","category-compte-rendu"],"_links":{"self":[{"href":"https:\/\/urbanicc.fr\/index.php\/wp-json\/wp\/v2\/posts\/5150","targetHints":{"allow":["GET"]}}],"collection":[{"href":"https:\/\/urbanicc.fr\/index.php\/wp-json\/wp\/v2\/posts"}],"about":[{"href":"https:\/\/urbanicc.fr\/index.php\/wp-json\/wp\/v2\/types\/post"}],"author":[{"embeddable":true,"href":"https:\/\/urbanicc.fr\/index.php\/wp-json\/wp\/v2\/users\/10"}],"replies":[{"embeddable":true,"href":"https:\/\/urbanicc.fr\/index.php\/wp-json\/wp\/v2\/comments?post=5150"}],"version-history":[{"count":16,"href":"https:\/\/urbanicc.fr\/index.php\/wp-json\/wp\/v2\/posts\/5150\/revisions"}],"predecessor-version":[{"id":5174,"href":"https:\/\/urbanicc.fr\/index.php\/wp-json\/wp\/v2\/posts\/5150\/revisions\/5174"}],"wp:featuredmedia":[{"embeddable":true,"href":"https:\/\/urbanicc.fr\/index.php\/wp-json\/wp\/v2\/media\/5176"}],"wp:attachment":[{"href":"https:\/\/urbanicc.fr\/index.php\/wp-json\/wp\/v2\/media?parent=5150"}],"wp:term":[{"taxonomy":"category","embeddable":true,"href":"https:\/\/urbanicc.fr\/index.php\/wp-json\/wp\/v2\/categories?post=5150"},{"taxonomy":"post_tag","embeddable":true,"href":"https:\/\/urbanicc.fr\/index.php\/wp-json\/wp\/v2\/tags?post=5150"}],"curies":[{"name":"wp","href":"https:\/\/api.w.org\/{rel}","templated":true}]}}