{"id":3567,"date":"2021-01-15T23:41:26","date_gmt":"2021-01-15T22:41:26","guid":{"rendered":"https:\/\/urbanicc.fr\/?p=3567"},"modified":"2021-01-23T00:28:50","modified_gmt":"2021-01-22T23:28:50","slug":"le-projet-campus-2025-de-la-caisse-des-depots-prochainement-a-ivry-confluences","status":"publish","type":"post","link":"https:\/\/urbanicc.fr\/index.php\/2021\/01\/15\/le-projet-campus-2025-de-la-caisse-des-depots-prochainement-a-ivry-confluences\/","title":{"rendered":"Le projet \u00ab\u00a0Campus 2025\u00a0\u00bb de la Caisse des D\u00e9p\u00f4ts prochainement \u00e0 Ivry Confluences ?"},"content":{"rendered":"\n<h2 class=\"wp-block-heading\"><s>La direction de la Caisse des D\u00e9p\u00f4ts est en discussion avanc\u00e9e pour l&rsquo;installation de son campus sur les lots 1A et 1B, proches de la gare RER C. Il s&rsquo;agit de regrouper un personnel actuellement \u00e9parpill\u00e9 sur plusieurs sites parisiens.<\/s><\/h2>\n\n\n\n<figure class=\"wp-block-image size-large\"><img loading=\"lazy\" decoding=\"async\" width=\"1024\" height=\"433\" src=\"https:\/\/urbanicc.fr\/wp-content\/uploads\/2021\/01\/Capture-1-1024x433.jpg\" alt=\"\" class=\"wp-image-3570\" srcset=\"https:\/\/urbanicc.fr\/wp-content\/uploads\/2021\/01\/Capture-1-1024x433.jpg 1024w, https:\/\/urbanicc.fr\/wp-content\/uploads\/2021\/01\/Capture-1-300x127.jpg 300w, https:\/\/urbanicc.fr\/wp-content\/uploads\/2021\/01\/Capture-1-768x325.jpg 768w, https:\/\/urbanicc.fr\/wp-content\/uploads\/2021\/01\/Capture-1.jpg 1108w\" sizes=\"auto, (max-width: 1024px) 100vw, 1024px\" \/><figcaption>Projet <strong>Campus 2025<\/strong> &#8211; Caisse des D\u00e9p\u00f4ts et Consignations<\/figcaption><\/figure>\n\n\n\n<p>L&rsquo;acquisition doit se faire par une filiale du groupe Caisse des D\u00e9p\u00f4ts et Consignations, qui mettra en location pour le compte de la maison m\u00e8re.<\/p>\n\n\n\n<p>Le campus accueillerait 1.750 personnes sur 50.000 m2 de surface de plancher, et permettrait ainsi \u00e0 EMERIGE d&rsquo;agrandir son projet initialement pr\u00e9vu sur 1B :<\/p>\n\n\n\n<ul class=\"wp-block-list\"><li>lot 1A : 20.000 m2<\/li><li>lot 1B : 30.000 m2<\/li><\/ul>\n\n\n\n<p>Les travaux devraient commencer en 2022, pour une livraison en 2025. Des \u00e9tudes ont d\u00e9j\u00e0 d\u00e9but\u00e9 (sol, air, pollution, zone inondable&#8230;).<\/p>\n\n\n\n<p>Nous avons pu \u00e9changer avec des repr\u00e9sentants des organisations syndicales de la CDC. Ceux-ci nous ont fait part des pr\u00e9occupations du personnel : probl\u00e8mes de transport (RER C, v\u00e9lo), absence d&rsquo;am\u00e9nagement public et d&rsquo;\u00e9coles, logement&#8230; Ils craignent aussi un environnement d\u00e9pourvu du charme parisien auquel ils sont attach\u00e9s.<\/p>\n\n\n\n<div style=\"height:42px\" aria-hidden=\"true\" class=\"wp-block-spacer\"><\/div>\n\n\n\n<p><strong>Nous nous r\u00e9jouissons de la venue de la CDC, qui est certainement une belle opportunit\u00e9 pour am\u00e9liorer l&rsquo;attractivit\u00e9 de la ZAC.<\/strong><\/p>\n\n\n\n<p><strong>En m\u00eame temps, ce projet soul\u00e8ve des interrogations : <\/strong><\/p>\n\n\n\n<ul class=\"wp-block-list\"><li><strong>l&rsquo;absence d&rsquo;espaces verts autour de ce projet tr\u00e8s min\u00e9ral; <\/strong><\/li><li><strong>l&rsquo;aspect massif du b\u00e2timent, en d\u00e9s\u00e9quilibre avec les immeubles  d&rsquo;habitation voisins, plus petits.<\/strong><\/li><\/ul>\n\n\n\n<div style=\"height:20px\" aria-hidden=\"true\" class=\"wp-block-spacer\"><\/div>\n\n\n\n<h3 class=\"has-background wp-block-heading\" style=\"background-color:#eeeeee\">  <strong><s><i class=\"fas fa-arrow-alt-circle-right\"><\/i> Nous demandons qu\u2019avant sa concr\u00e9tisation ce projet fasse l\u2019objet d\u2019une nouvelle pr\u00e9sentation publique car il a largement \u00e9volu\u00e9 depuis sa pr\u00e9sentation par Emerige en 2019.<br><i class=\"fas fa-arrow-alt-circle-right\"><\/i> En outre la ville d\u2019Ivry-sur-Seine s\u2019est engag\u00e9e \u00e0 organiser des revues de projet pour les habitants chaque fois qu\u2019il s\u2019en pr\u00e9sentait un nouveau.<\/s><\/strong><\/h3>\n\n\n\n<p><\/p>\n\n\n\n<div style=\"height:100px\" aria-hidden=\"true\" class=\"wp-block-spacer\"><\/div>\n\n\n\n<figure class=\"wp-block-image size-large\"><img loading=\"lazy\" decoding=\"async\" width=\"1006\" height=\"532\" src=\"https:\/\/urbanicc.fr\/wp-content\/uploads\/2021\/01\/Capture-2.jpg\" alt=\"\" class=\"wp-image-3571\" srcset=\"https:\/\/urbanicc.fr\/wp-content\/uploads\/2021\/01\/Capture-2.jpg 1006w, https:\/\/urbanicc.fr\/wp-content\/uploads\/2021\/01\/Capture-2-300x159.jpg 300w, https:\/\/urbanicc.fr\/wp-content\/uploads\/2021\/01\/Capture-2-768x406.jpg 768w\" sizes=\"auto, (max-width: 1006px) 100vw, 1006px\" \/><figcaption>Le <strong>Campus 2025<\/strong> se situerait \u00e0 l\u2019angle pont Gosnat\/rue Moli\u00e8re.<\/figcaption><\/figure>\n\n\n\n<div style=\"height:100px\" aria-hidden=\"true\" class=\"wp-block-spacer\"><\/div>\n\n\n\n<p> <\/p>\n","protected":false},"excerpt":{"rendered":"<p>La direction de la Caisse des D\u00e9p\u00f4ts est en discussion avanc\u00e9e pour l&rsquo;installation de son campus sur les lots 1A et 1B, proches de la gare RER C. Il s&rsquo;agit de regrouper un personnel actuellement \u00e9parpill\u00e9 sur plusieurs sites parisiens. L&rsquo;acquisition doit se faire par une filiale du groupe Caisse&#46;&#46;&#46;<\/p>\n","protected":false},"author":10,"featured_media":3615,"comment_status":"open","ping_status":"open","sticky":false,"template":"","format":"standard","meta":{"_exactmetrics_skip_tracking":false,"_exactmetrics_sitenote_active":false,"_exactmetrics_sitenote_note":"","_exactmetrics_sitenote_category":0,"ngg_post_thumbnail":0,"footnotes":""},"categories":[15],"tags":[],"class_list":["post-3567","post","type-post","status-publish","format-standard","has-post-thumbnail","hentry","category-article"],"_links":{"self":[{"href":"https:\/\/urbanicc.fr\/index.php\/wp-json\/wp\/v2\/posts\/3567","targetHints":{"allow":["GET"]}}],"collection":[{"href":"https:\/\/urbanicc.fr\/index.php\/wp-json\/wp\/v2\/posts"}],"about":[{"href":"https:\/\/urbanicc.fr\/index.php\/wp-json\/wp\/v2\/types\/post"}],"author":[{"embeddable":true,"href":"https:\/\/urbanicc.fr\/index.php\/wp-json\/wp\/v2\/users\/10"}],"replies":[{"embeddable":true,"href":"https:\/\/urbanicc.fr\/index.php\/wp-json\/wp\/v2\/comments?post=3567"}],"version-history":[{"count":0,"href":"https:\/\/urbanicc.fr\/index.php\/wp-json\/wp\/v2\/posts\/3567\/revisions"}],"wp:featuredmedia":[{"embeddable":true,"href":"https:\/\/urbanicc.fr\/index.php\/wp-json\/wp\/v2\/media\/3615"}],"wp:attachment":[{"href":"https:\/\/urbanicc.fr\/index.php\/wp-json\/wp\/v2\/media?parent=3567"}],"wp:term":[{"taxonomy":"category","embeddable":true,"href":"https:\/\/urbanicc.fr\/index.php\/wp-json\/wp\/v2\/categories?post=3567"},{"taxonomy":"post_tag","embeddable":true,"href":"https:\/\/urbanicc.fr\/index.php\/wp-json\/wp\/v2\/tags?post=3567"}],"curies":[{"name":"wp","href":"https:\/\/api.w.org\/{rel}","templated":true}]}}