{"id":3474,"date":"2021-01-12T10:30:10","date_gmt":"2021-01-12T09:30:10","guid":{"rendered":"https:\/\/urbanicc.fr\/?p=3474"},"modified":"2021-01-13T22:20:42","modified_gmt":"2021-01-13T21:20:42","slug":"suites-de-la-reunion-publique-du-30-nov-sur-la-zac","status":"publish","type":"post","link":"https:\/\/urbanicc.fr\/index.php\/2021\/01\/12\/suites-de-la-reunion-publique-du-30-nov-sur-la-zac\/","title":{"rendered":"Suite(S) de la r\u00e9union publique du 30 Nov sur la ZAC"},"content":{"rendered":"\n<h2 class=\"wp-block-heading\"><s>Organis\u00e9e en visio \u00e0 partir du site Facebook d\u2019Ivry-sur-Seine.<\/s><\/h2>\n\n\n\n<div style=\"height:60px\" aria-hidden=\"true\" class=\"wp-block-spacer\"><\/div>\n\n\n\n<div class=\"wp-block-columns is-layout-flex wp-container-core-columns-is-layout-9d6595d7 wp-block-columns-is-layout-flex\">\n<div class=\"wp-block-column is-layout-flow wp-block-column-is-layout-flow\" style=\"flex-basis:66.66%\">\n<p>Nous avons essay\u00e9 \u00e0 travers le tableau joint de recenser l\u2019ensemble des questions pos\u00e9es lors de cette rencontre afin de ne pas les perdre, de les rendre publiques et d\u2019obtenir les r\u00e9ponses.<\/p>\n\n\n\n<div style=\"height:28px\" aria-hidden=\"true\" class=\"wp-block-spacer\"><\/div>\n\n\n\n<p><strong><s>En effet, <span style=\"text-decoration: underline;\">cette r\u00e9union n\u2019\u00e9tait pas interactive<\/span>, les r\u00e9ponses apport\u00e9es n\u2019ont pas pu recevoir l\u2019assentiment des personnes qui en \u00e9taient \u00e0 l\u2019origine.<\/s><\/strong><\/p>\n\n\n\n<p><strong><s>D\u2019autres questions n\u2019ont pas \u00e9t\u00e9 pos\u00e9es par l&rsquo;animateur, aussi il nous faut en garder trace et en avoir ainsi, collectivement la m\u00e9moire afin de les poser de nouveau dans d\u2019autres circonstances utiles.<\/s><\/strong><\/p>\n\n\n\n<div style=\"height:53px\" aria-hidden=\"true\" class=\"wp-block-spacer\"><\/div>\n\n\n\n<p>Nous avons, sans aucun doute, omis certaines questions. Si tel est le cas, n\u2019h\u00e9sitez pas \u00e0 nous les envoyer afin que nous les int\u00e9grions dans le tableau.<\/p>\n\n\n\n<div style=\"height:28px\" aria-hidden=\"true\" class=\"wp-block-spacer\"><\/div>\n\n\n<div class=\"wpforms-container wpforms-container-full wpforms-block\" id=\"wpforms-3547\"><form id=\"wpforms-form-3547\" class=\"wpforms-validate wpforms-form\" data-formid=\"3547\" method=\"post\" enctype=\"multipart\/form-data\" action=\"\/index.php\/wp-json\/wp\/v2\/posts\/3474\" data-token=\"285cb9f2580635533d7a5ec7dfdca593\" data-token-time=\"1777633367\"><noscript class=\"wpforms-error-noscript\">Veuillez activer JavaScript dans votre navigateur pour remplir ce formulaire.<\/noscript><div class=\"wpforms-field-container\"><div id=\"wpforms-3547-field_0-container\" class=\"wpforms-field wpforms-field-name\" data-field-id=\"0\"><label class=\"wpforms-field-label\">Contact <span class=\"wpforms-required-label\">*<\/span><\/label><div class=\"wpforms-field-row wpforms-field-medium\"><div class=\"wpforms-field-row-block wpforms-first wpforms-one-half\"><input type=\"text\" id=\"wpforms-3547-field_0\" class=\"wpforms-field-name-first wpforms-field-required\" name=\"wpforms[fields][0][first]\" required><label for=\"wpforms-3547-field_0\" class=\"wpforms-field-sublabel after\">Pr\u00e9nom<\/label><\/div><div class=\"wpforms-field-row-block wpforms-one-half\"><input type=\"text\" id=\"wpforms-3547-field_0-last\" class=\"wpforms-field-name-last wpforms-field-required\" name=\"wpforms[fields][0][last]\" required><label for=\"wpforms-3547-field_0-last\" class=\"wpforms-field-sublabel after\">Nom<\/label><\/div><\/div><\/div><div id=\"wpforms-3547-field_1-container\" class=\"wpforms-field wpforms-field-email\" data-field-id=\"1\"><label class=\"wpforms-field-label\" for=\"wpforms-3547-field_1\">Adresse mail de contact <span class=\"wpforms-required-label\">*<\/span><\/label><input type=\"email\" id=\"wpforms-3547-field_1\" class=\"wpforms-field-medium wpforms-field-required\" name=\"wpforms[fields][1]\" spellcheck=\"false\" required><\/div><div id=\"wpforms-3547-field_2-container\" class=\"wpforms-field wpforms-field-textarea\" data-field-id=\"2\"><label class=\"wpforms-field-label\" for=\"wpforms-3547-field_2\">Votre question  <span class=\"wpforms-required-label\">*<\/span><\/label><textarea id=\"wpforms-3547-field_2\" class=\"wpforms-field-medium wpforms-field-required\" name=\"wpforms[fields][2]\" required><\/textarea><\/div><\/div><!-- .wpforms-field-container --><div class=\"wpforms-field wpforms-field-hp\"><label for=\"wpforms-3547-field-hp\" class=\"wpforms-field-label\">Phone<\/label><input type=\"text\" name=\"wpforms[hp]\" id=\"wpforms-3547-field-hp\" class=\"wpforms-field-medium\"><\/div><div class=\"wpforms-recaptcha-container wpforms-is-recaptcha wpforms-is-recaptcha-type-v3\" ><input type=\"hidden\" name=\"wpforms[recaptcha]\" value=\"\"><\/div><div class=\"wpforms-submit-container\" ><input type=\"hidden\" name=\"wpforms[id]\" value=\"3547\"><input type=\"hidden\" name=\"page_title\" value=\"\"><input type=\"hidden\" name=\"page_url\" value=\"https:\/\/urbanicc.fr\/index.php\/wp-json\/wp\/v2\/posts\/3474\"><input type=\"hidden\" name=\"url_referer\" value=\"\"><button type=\"submit\" name=\"wpforms[submit]\" id=\"wpforms-submit-3547\" class=\"wpforms-submit\" data-alt-text=\"Sending...\" data-submit-text=\"Envoyer\" aria-live=\"assertive\" value=\"wpforms-submit\">Envoyer<\/button><\/div><\/form><\/div>  <!-- .wpforms-container --><\/div>\n\n\n\n<div class=\"wp-block-column urbanicc_background urbanicc_column_right is-layout-flow wp-block-column-is-layout-flow\" style=\"flex-basis:33.33%\">\n<h4 class=\"has-luminous-vivid-amber-background-color has-background wp-block-heading\"><strong>Pr\u00e9sentation publique du 30\/11\/2020<\/strong><\/h4>\n\n\n\n<p>Deuxi\u00e8me r\u00e9union publique de pr\u00e9sentation des propositions d&rsquo;am\u00e9nagement par la nouvelle ma\u00eetrise d&rsquo;oeuvre de la ZAC Ivry Confluences (uapS + ACLAA + BASE + ZEFCO + What Time is I.T.).<\/p>\n\n\n\n<p>Une copie de la vid\u00e9o de la pr\u00e9sentation est \u00e0 revoir sur notre chaine Youtube :<\/p>\n\n\n\n<figure class=\"wp-block-embed is-type-video is-provider-youtube wp-block-embed-youtube wp-embed-aspect-16-9 wp-has-aspect-ratio\"><div class=\"wp-block-embed__wrapper\">\n<div class=\"video-container\"><iframe loading=\"lazy\" title=\"R\u00e9union publique ZAC Ivry Confluences - 30\/11\/2020\" width=\"500\" height=\"281\" src=\"https:\/\/www.youtube.com\/embed\/RsWwldglBd0?feature=oembed&#038;wmode=opaque\" frameborder=\"0\" allow=\"accelerometer; autoplay; clipboard-write; encrypted-media; gyroscope; picture-in-picture; web-share\" referrerpolicy=\"strict-origin-when-cross-origin\" allowfullscreen><\/iframe><\/div>\n<\/div><\/figure>\n<\/div>\n<\/div>\n\n\n\n<h4 class=\"wp-block-heading\"><s>Equipements publiques<\/s><\/h4>\n\n\n\n<figure class=\"wp-block-table is-style-regular\"><table class=\"has-fixed-layout\"><thead><tr><th class=\"has-text-align-left\" data-align=\"left\">Question<\/th><th class=\"has-text-align-left\" data-align=\"left\">R\u00e9ponse<\/th><\/tr><\/thead><tbody><tr><td class=\"has-text-align-left\" data-align=\"left\">Mise en route du coll\u00e8ge : quels d\u00e9lais ?<\/td><td class=\"has-text-align-left\" data-align=\"left\"><strong>SADEV\/C. Richard<\/strong> : Les travaux de d\u00e9pollution sont quasiment termin\u00e9s mais une ann\u00e9e \u00e0 partir de janvier 2020 sera n\u00e9cessaire pour proc\u00e9der \u00e0 des test sanitaires et environnementaux pour s&rsquo;assurer de l&rsquo;innocuit\u00e9 de l&rsquo;environnement. Pas d&rsquo;ouverture envisageable avant septembre 2022.<\/td><\/tr><tr><td class=\"has-text-align-left\" data-align=\"left\">Quelle est la place de la culture dans les am\u00e9nagements de la ZAC au regard de l&rsquo;ambition d&rsquo;un haut niveau de service public ?<\/td><td class=\"has-text-align-left\" data-align=\"left\"><\/td><\/tr><tr><td class=\"has-text-align-left\" data-align=\"left\">le groupe scolaire sur BHV a montr\u00e9 un manque flagrant d&rsquo;anticipation. Quand et o\u00f9 pr\u00e9voyez-vous le 3\u00e8me groupe scolaire ?<\/td><td class=\"has-text-align-left\" data-align=\"left\"><\/td><\/tr><tr><td class=\"has-text-align-left\" data-align=\"left\">le quartier se vide de ses \u00e9quipements publics : destruction des locaux des Bergers en Seine, destruction de la maison de la citoyennet\u00e9, destruction du gymnase et du bassin de l&rsquo;Orme au Chat, destruction des plateaux d&rsquo;\u00e9volution rue Jean-Jacques Rousseau&nbsp;et Orme au Chat, etc. En plus de la r\u00e9novation de la modeste halle sur Pierre-Rigaud,&nbsp;du petit city stade du Coll\u00e8ge Moli\u00e8re, et des nouveaux groupes scolaires, quels \u00e9quipements publics pour accompagner la forte densification du quartier (et quand) ?<\/td><td class=\"has-text-align-left\" data-align=\"left\"><\/td><\/tr><tr><td class=\"has-text-align-left\" data-align=\"left\">La mise en place d&rsquo;un skate park est-elle au programme, ainsi que la mise \u00e0 disposition d&rsquo;une ludoth\u00e8que ?<\/td><td class=\"has-text-align-left\" data-align=\"left\"><\/td><\/tr><\/tbody><\/table><\/figure>\n\n\n\n<h4 class=\"wp-block-heading\"><s>Espaces verts<\/s><\/h4>\n\n\n\n<figure class=\"wp-block-table is-style-regular\"><table class=\"has-fixed-layout\"><thead><tr><th class=\"has-text-align-left\" data-align=\"left\">Question<\/th><th class=\"has-text-align-left\" data-align=\"left\">R\u00e9ponse<\/th><\/tr><\/thead><tbody><tr><td class=\"has-text-align-left\" data-align=\"left\">La chaufferie a-t-elle vocation \u00e0 rester en plein milieu d&rsquo;un parc ?<\/td><td class=\"has-text-align-left\" data-align=\"left\"><strong>Ville\/C. Pecqueux<\/strong> : la discussion est engag\u00e9e pour qu&rsquo;elle puisse \u00eatre relocalis\u00e9e<\/td><\/tr><tr><td class=\"has-text-align-left\" data-align=\"left\">Informations sur le square Prudhon ?<\/td><td class=\"has-text-align-left\" data-align=\"left\"><strong>SADEV<\/strong> : les travaux sont achev\u00e9s. Il ne reste qu&rsquo;\u00e0 r\u00e9aliser le raccordement au r\u00e9seau d&rsquo;eau de la ville<\/td><\/tr><tr><td class=\"has-text-align-left\" data-align=\"left\">Quelle surface du parc de seine ?<\/td><td class=\"has-text-align-left\" data-align=\"left\"><strong>Ville\/C. Pecqueux <\/strong>: Dans sa totalit\u00e9, l&rsquo;am\u00e9nagement en front de Seine aura une surface d&rsquo;environ 8ha ou 12Ha ? ( Surface indiqu\u00e9e par AM Depuydt)<\/td><\/tr><tr><td class=\"has-text-align-left\" data-align=\"left\">Bilan de la ZAC 2019 \u00ab\u00a0Le pr\u00e9c\u00e9dant bilan relevait la n\u00e9cessit\u00e9 d\u2019une plus grande v\u00e9g\u00e9talisation de l\u2019espace public. La question pos\u00e9e est donc de red\u00e9finir cette r\u00e9partition entre verts publics et priv\u00e9s [\u2026] ainsi qu\u2019une r\u00e9flexion sur leur phasage.\u00a0\u00bb Comment en tient on compte R\u00c9ELLEMENT pour une vraie V\u00c9G\u00c9TALISATION ?<\/td><td class=\"has-text-align-left\" data-align=\"left\"><strong>M Lefranc, M. Rouvi\u00e8re<\/strong> : il sera am\u00e9nag\u00e9 le maximum d&rsquo;espaces verts de pleine terre, ( notamment en coeur des ivrynages) ce qui sera facilit\u00e9 par l&rsquo;existence de grandes enclaves qui ne sont pas travers\u00e9es par des r\u00e9seaux .<\/td><\/tr><tr><td class=\"has-text-align-left\" data-align=\"left\">Toujours sur le parc, il semble tr\u00e8s mit\u00e9 par des habitations\/b\u00e2timents de bureaux ? Qu&rsquo;en est-il exactement ?<\/td><td class=\"has-text-align-left\" data-align=\"left\"><strong>Ville, uapS\/A.M. Dupuydt<\/strong> : la configuration globale du Parc et de la programmation des \u00e9quipements qui lui seront li\u00e9s ne sont pas arr\u00eat\u00e9s. C&rsquo;est tout l&rsquo;objet du travail de pr\u00e9figuration et de co-construction citoyenne pr\u00e9sent\u00e9e pr\u00e9c\u00e9demment\u00a0\u00bbIL s&rsquo;agit de cr\u00e9er un parc qui rayonne \u00e0 l&rsquo;\u00e9chelle de tout Ivry, un poumon vert avec des zones de d\u00e9tente pour des activit\u00e9s spontan\u00e9es, d&rsquo;autres pour des activit\u00e9s programm\u00e9es et des espaces adapt\u00e9s \u00e0 l&rsquo;\u00e9v\u00e9nementiel, \u00e0 des occupations temporaires.<\/td><\/tr><tr><td class=\"has-text-align-left\" data-align=\"left\">Quand ces travaux de parc, d&rsquo;\u00e9quipements sportifs, de logements d\u00e9buteront-ils ?<\/td><td class=\"has-text-align-left\" data-align=\"left\"><\/td><\/tr><tr><td class=\"has-text-align-left\" data-align=\"left\">Est-ce que le parc de la Confluence pourrait devenir une priorit\u00e9 pour qu&rsquo;il soit ouvert le plus rapidement possible et servir de poumon \u00e0 tous ceux qui habitent d\u00e9j\u00e0 Ivry-port et souffrent de l&rsquo;absence d&rsquo;espaces verts et d&rsquo;\u00eelots de fra\u00eecheur en \u00e9t\u00e9 ?<\/td><td class=\"has-text-align-left\" data-align=\"left\"><\/td><\/tr><tr><td class=\"has-text-align-left\" data-align=\"left\">A propos du parc, quelle est la v\u00e9ritable surface des espaces verts, m\u00eame si on peut comprendre que des b\u00e2timents bas ouverts sur le parc puissent \u00eatre tout \u00e0 fait agr\u00e9ables \u00e0 vivre et \u00e0 travailler ?<\/td><td class=\"has-text-align-left\" data-align=\"left\"><\/td><\/tr><\/tbody><\/table><\/figure>\n\n\n\n<h4 class=\"wp-block-heading\"><s>Transports<\/s><\/h4>\n\n\n\n<figure class=\"wp-block-table is-style-regular\"><table class=\"has-fixed-layout\"><thead><tr><th class=\"has-text-align-left\" data-align=\"left\">Question<\/th><th class=\"has-text-align-left\" data-align=\"left\">R\u00e9ponse<\/th><\/tr><\/thead><tbody><tr><td class=\"has-text-align-left\" data-align=\"left\">Sur la passerelle, est-il envisag\u00e9 de la prolonger au-dessus de l&rsquo;autoroute pour faciliter la circulation vers la ville voisine ?<\/td><td class=\"has-text-align-left\" data-align=\"left\"><strong>Ville\/C. Pecqueux <\/strong>: Cela fait partie des hypoth\u00e8ses mais les r\u00e9flexions encore en cours n&rsquo;ont rien act\u00e9<\/td><\/tr><tr><td class=\"has-text-align-left\" data-align=\"left\">Comment d\u00e9senclaver ce quartier du point de vue transport ? La Seine fait-elle partie des axes de r\u00e9flexion en la mati\u00e8re ?<\/td><td class=\"has-text-align-left\" data-align=\"left\"><strong>Ville\/C. Pecqueux<\/strong> : Vous savez que depuis plusieurs ann\u00e9es nous nous battons pour le d\u00e9veloppement des transports en commun, et sur Ivry Confluences le prolongement de la ligne 10 est important mais pas pour demain. Nous continuons de travailler avec IDFM pour le d\u00e9veloppement et le renforcement des lignes de bus existantes. Le TZen 5 sera en service fin 2024 et passera notamment sur le cours de l\u2019industrie. La gare RER est en cours de reconfiguration pour permettre un acc\u00e8s facilit\u00e9 depuis le quartier. \u00c9galement, la Seine peut \u00eatre vue comme une superbe opportunit\u00e9 de transport fluvial. Une exp\u00e9rimentation il y a quelques ann\u00e9es, en collaboration avec Paris avait \u00e9t\u00e9 port\u00e9e. Nous y travaillons de nouveau<\/td><\/tr><tr><td class=\"has-text-align-left\" data-align=\"left\">Pour quand les pistes cyclables qui relieront Ivry-port au reste d&rsquo;Ivry ?<\/td><td class=\"has-text-align-left\" data-align=\"left\"><\/td><\/tr><tr><td class=\"has-text-align-left\" data-align=\"left\">Quelle place pour le v\u00e9lo et les mobilit\u00e9s douces dans le futur projet ?<\/td><td class=\"has-text-align-left\" data-align=\"left\"><\/td><\/tr><tr><td class=\"has-text-align-left\" data-align=\"left\">la mise en place d&rsquo;ateliers v\u00e9los semble \u00eatre une nouvelle opportunit\u00e9 (cf Miroiterie, ORNI_Car, projet 4E et plus anciennement la Courcyclette) : allez-vous mettre en place des infrastructures pour un usage s\u00e9curis\u00e9 et facilit\u00e9 du v\u00e9lo sur tout Ivry-Port (et au-del\u00e0 des mesurettes du plan v\u00e9lo de la ville) ? A quand des pistes cyclables en c\u0153ur de quartier : L\u00e9nine, Brandenbourg, Jean-Jaur\u00e8s, Moli\u00e8re, Gunsbourg, etc. ?<\/td><td class=\"has-text-align-left\" data-align=\"left\"><\/td><\/tr><tr><td class=\"has-text-align-left\" data-align=\"left\">les commandes par internet ont explos\u00e9, les rues, bord\u00e9es de potelets, sont encombr\u00e9es par de nombreuses camionnettes de livraison une bonne partie de la journ\u00e9e, rendant difficile la circulation. Des solutions pour \u00e9viter cela ?<\/td><td class=\"has-text-align-left\" data-align=\"left\"><\/td><\/tr><tr><td class=\"has-text-align-left\" data-align=\"left\">Quelle \u00e9ch\u00e9ance pour la ligne 10 ?<\/td><td class=\"has-text-align-left\" data-align=\"left\"><\/td><\/tr><\/tbody><\/table><\/figure>\n\n\n\n<h4 class=\"wp-block-heading\"><s>Urbanisme<\/s><\/h4>\n\n\n\n<figure class=\"wp-block-table is-style-regular\"><table class=\"has-fixed-layout\"><thead><tr><th class=\"has-text-align-left\" data-align=\"left\">Question<\/th><th class=\"has-text-align-left\" data-align=\"left\">R\u00e9ponse<\/th><\/tr><\/thead><tbody><tr><td class=\"has-text-align-left\" data-align=\"left\">Beguinage \/Ivrynage? applicable en r\u00e9gion parisienne?<\/td><td class=\"has-text-align-left\" data-align=\"left\"><strong>uaps\/A.M. Dupuydt<\/strong> : La ville c&rsquo;est faire ses courses , travailler, habiter, et m\u00eame apprendre \u00e0 y habiter, l&rsquo;ivrynage c&rsquo;est un grand coeur d&rsquo;\u00eelot, avec des venelles, des rues adjacentes, avec plusieurs typologies d&rsquo;habitats selon les diff\u00e9rentes activit\u00e9s.Il est d&rsquo;ailleurs pr\u00e9vu une concertaction avec S Juguet sur la compr\u00e9hension de l&rsquo;ivrynage de ce qu&rsquo;on peut y faire . Les usages des habitants \u00e0 partir d&rsquo;une maquette seront tr\u00e8s utiles pour nourrir ces lieux et sur l&rsquo;\u00eelot BHV dans un premier temps pr\u00e9cise S Juguet.<\/td><\/tr><tr><td class=\"has-text-align-left\" data-align=\"left\">Quel r\u00f4le ou place pour la confluence Seine-et-Marne ? Une collaboration avec Alforville et Charenton-le-Port ?<\/td><td class=\"has-text-align-left\" data-align=\"left\"><\/td><\/tr><tr><td class=\"has-text-align-left\" data-align=\"left\">Quel est le devenir \u00e0 moyen terme du b\u00e2timent de la Gendarmerie ?<\/td><td class=\"has-text-align-left\" data-align=\"left\"><\/td><\/tr><tr><td class=\"has-text-align-left\" data-align=\"left\">Vous parlez de la mise en valeur du patrimoine ? pouvez vous prendre en compte la situation des tours de l&rsquo;ATM enclav\u00e9s entre 2 boulevards routiers et un projet tr\u00e8s flous de b\u00e2timents&#8230; elles ne seront plus visibles du parc, alors qu&rsquo;au contraire la perspective sud ouest serait magnifi\u00e9 par ce patrimoine&#8230;<\/td><td class=\"has-text-align-left\" data-align=\"left\"><\/td><\/tr><tr><td class=\"has-text-align-left\" data-align=\"left\">le pont au-dessus des voies ferr\u00e9es \u00e9tant abandonn\u00e9, que proposez-vous pour ouvrir le quartier ?<\/td><td class=\"has-text-align-left\" data-align=\"left\"><\/td><\/tr><tr><td class=\"has-text-align-left\" data-align=\"left\">Projet 4E : tr\u00e8s gros projet, est-il pr\u00e9vu de r\u00e9aliser une \u00e9tude d&rsquo;impact ?<\/td><td class=\"has-text-align-left\" data-align=\"left\"><\/td><\/tr><tr><td class=\"has-text-align-left\" data-align=\"left\">le futur projet Ivrywood a t-il un impact sur le Soft? les logements construits sont-ils bien pour les habitants? la rue sera t-elle ouverte aux habitants de la ville ainsi que les services associ\u00e9s? que faites vous des habitants qui vivent depuis longtemps sur la parcelle ?<\/td><td class=\"has-text-align-left\" data-align=\"left\"><\/td><\/tr><tr><td class=\"has-text-align-left\" data-align=\"left\">comment faire entrer la fra\u00eecheur de la Seine dans le quartier, avec tous ces projets tr\u00e8s denses et hauts en bordure de Seine et du futur&nbsp;parc ?<\/td><td class=\"has-text-align-left\" data-align=\"left\"><\/td><\/tr><\/tbody><\/table><\/figure>\n\n\n\n<h4 class=\"wp-block-heading\"><s>Logement<\/s><\/h4>\n\n\n\n<figure class=\"wp-block-table is-style-regular\"><table class=\"has-fixed-layout\"><thead><tr><th class=\"has-text-align-left\" data-align=\"left\">Question<\/th><th class=\"has-text-align-left\" data-align=\"left\">R\u00e9ponse<\/th><\/tr><\/thead><tbody><tr><td class=\"has-text-align-left\" data-align=\"left\">Est-ce que le nombre de m2 \u00e0 construire a \u00e9t\u00e9 r\u00e9duit ? Qu&rsquo;en est-il des 15500 m2 de plancher pr\u00e9vus dans le secteur 5G ? Est-il r\u00e9duit ?<\/td><td class=\"has-text-align-left\" data-align=\"left\"><\/td><\/tr><tr><td class=\"has-text-align-left\" data-align=\"left\">A quoi correspondent les immeubles dans le parc \u00e0 c\u00f4t\u00e9 des terrasses de l&rsquo;ATM et comment sont-ils desservis ?<\/td><td class=\"has-text-align-left\" data-align=\"left\"><\/td><\/tr><tr><td class=\"has-text-align-left\" data-align=\"left\">On Va construire plus \u00e0 la place dans le fond du parc<\/td><td class=\"has-text-align-left\" data-align=\"left\"><\/td><\/tr><\/tbody><\/table><\/figure>\n\n\n\n<h4 class=\"wp-block-heading\"><s>Concertation<\/s><\/h4>\n\n\n\n<figure class=\"wp-block-table is-style-regular\"><table class=\"has-fixed-layout\"><thead><tr><th class=\"has-text-align-left\" data-align=\"left\">Question<\/th><th class=\"has-text-align-left\" data-align=\"left\">R\u00e9ponse<\/th><\/tr><\/thead><tbody><tr><td class=\"has-text-align-left\" data-align=\"left\">au-del\u00e0 de la prochaine rencontre publique, quels supports d\u2019information et de concertation sont ils pr\u00e9vus ? Quelles sont les prochaines \u00e9tapes de la concertation et les r\u00e8gles du jeu propos\u00e9es ?<\/td><td class=\"has-text-align-left\" data-align=\"left\"><strong>What Time Is I.T.\/S. Juguet<\/strong> : un dispositif de concert&rsquo;action sera mis en place pour l&rsquo;am\u00e9nagement des coeurs d\u00a0\u00bbil\u00f4ts des Ivrynages, en premier lieu, pour l&rsquo;il\u00f4t BHV. Des ateliers participatifs sont pr\u00e9vus sur le th\u00e8me\u00a0\u00bb les halles entrent en sc\u00e8ne\u00a0\u00bb et sur l&rsquo;am\u00e9nagement du parc. Le nouveau sch\u00e9ma urbain et le programme revisit\u00e9 seront pr\u00e9sent\u00e9s fin du 1er trimestre 2021.<\/td><\/tr><tr><td class=\"has-text-align-left\" data-align=\"left\">Quel dispositif pour une vraie concertation alors m\u00eame que le m\u00eame temps vous avez vendu et programm\u00e9 4E ?<\/td><td class=\"has-text-align-left\" data-align=\"left\"><\/td><\/tr><tr><td class=\"has-text-align-left\" data-align=\"left\"><\/td><td class=\"has-text-align-left\" data-align=\"left\"><\/td><\/tr><\/tbody><\/table><\/figure>\n\n\n\n<h4 class=\"wp-block-heading\"><s>Gouvernance<\/s><\/h4>\n\n\n\n<figure class=\"wp-block-table is-style-regular\"><table class=\"has-fixed-layout\"><thead><tr><th class=\"has-text-align-left\" data-align=\"left\">Question<\/th><th class=\"has-text-align-left\" data-align=\"left\">R\u00e9ponse<\/th><\/tr><\/thead><tbody><tr><td class=\"has-text-align-left\" data-align=\"left\">Qui paye la d\u00e9pollution ?<\/td><td class=\"has-text-align-left\" data-align=\"left\"><strong>Ville\/C. Marchand<\/strong> : Application de la l\u00e9gislation en mati\u00e8re de responsabilit\u00e9 environnementale, des contentieux sont d\u00e9marr\u00e9s par la SADEV pour se retourner vers les responsables. La ville d&rsquo;Ivry fait partie de ceux qui plaident pour un fond national en faveur des villes sinistr\u00e9es au regard de la pollution.<\/td><\/tr><tr><td class=\"has-text-align-left\" data-align=\"left\">les crises sanitaires et environnementales perturbent durablement les march\u00e9s du logement et surtout de l\u2019immobilier de bureaux. Face \u00e0 cette situation, comment est -il envisag\u00e9 d\u2019adapter le programme de la ZAC, en logements et immobilier d\u2019activit\u00e9 ( quantitativement , qualitativement et dans le temps) ;<\/td><td class=\"has-text-align-left\" data-align=\"left\"><strong>SADEV <\/strong>: le programme \u00e9labor\u00e9 il ya 2 ans est en cours de profonde r\u00e9vision, notamment celui des surfaces de bureaux. Toutefois l&rsquo;objectif en terme d&#8217;emplois est maintenu (Cr\u00e9ation de 18 000 emplois). Davantage de surfaces seront consacr\u00e9es \u00e0 l&rsquo;\u00e9conomie sociale et solidaire et \u00e0 l&rsquo;artisanat. Il sera \u00e9galement vis\u00e9 une plus grande mixit\u00e9 des fonctions au sein des il\u00f4ts.Il est pr\u00e9vu de structurer le d\u00e9veloppement de fili\u00e8res d&rsquo;activit\u00e9s comme le r\u00e9emploi, l&rsquo;image &#8230;<\/td><\/tr><tr><td class=\"has-text-align-left\" data-align=\"left\">quels impacts de l\u2019\u00e9volution pr\u00e9visible du programme et des incertitudes sur les subventions de l\u2019Etat sur les modalit\u00e9s pr\u00e9visionnelles de financement de la ZAC \u00e9labor\u00e9es il y a 10 ans ? Quelle est la situation financi\u00e8re actuelle de la ZAC. ?<\/td><td class=\"has-text-align-left\" data-align=\"left\"><strong>SADEV <\/strong>: le bilan initial de la ZAC doit \u00eatre actualis\u00e9 compte de l&rsquo;\u00e9volution du programme et des nouvelles orientation urbaines et sur la base d&rsquo;arbitrages pr\u00e9vus au cours du 1er trimestre 2021<\/td><\/tr><tr><td class=\"has-text-align-left\" data-align=\"left\">Le projet de bureaux d&rsquo;Emerige est-il toujours d&rsquo;actualit\u00e9 avec le d\u00e9veloppement du t\u00e9l\u00e9travail ?<\/td><td class=\"has-text-align-left\" data-align=\"left\"><strong>SADEV<\/strong> : le projet a pris du retard mais est bien maintenu, voire confort\u00e9 .<\/td><\/tr><tr><td class=\"has-text-align-left\" data-align=\"left\">Un diagnostic a \u00e9t\u00e9 fait aupr\u00e8s des habitants et leurs attentes. Quand ce diagnostic sera publi\u00e9 ?<\/td><td class=\"has-text-align-left\" data-align=\"left\"><\/td><\/tr><tr><td class=\"has-text-align-left\" data-align=\"left\">Quand et ou sera disponible le manifeste d&rsquo;uapS ? POP city ?<\/td><td class=\"has-text-align-left\" data-align=\"left\"><\/td><\/tr><\/tbody><\/table><\/figure>\n\n\n\n<div style=\"height:100px\" aria-hidden=\"true\" class=\"wp-block-spacer\"><\/div>\n","protected":false},"excerpt":{"rendered":"<p>Organis\u00e9e en visio \u00e0 partir du site Facebook d\u2019Ivry-sur-Seine. Nous avons essay\u00e9 \u00e0 travers le tableau joint de recenser l\u2019ensemble des questions pos\u00e9es lors de cette rencontre afin de ne pas les perdre, de les rendre publiques et d\u2019obtenir les r\u00e9ponses. En effet, cette r\u00e9union n\u2019\u00e9tait pas interactive, les r\u00e9ponses&#46;&#46;&#46;<\/p>\n","protected":false},"author":10,"featured_media":3529,"comment_status":"open","ping_status":"open","sticky":false,"template":"","format":"standard","meta":{"_exactmetrics_skip_tracking":false,"_exactmetrics_sitenote_active":false,"_exactmetrics_sitenote_note":"","_exactmetrics_sitenote_category":0,"ngg_post_thumbnail":0,"footnotes":""},"categories":[14],"tags":[],"class_list":["post-3474","post","type-post","status-publish","format-standard","has-post-thumbnail","hentry","category-concertation"],"_links":{"self":[{"href":"https:\/\/urbanicc.fr\/index.php\/wp-json\/wp\/v2\/posts\/3474","targetHints":{"allow":["GET"]}}],"collection":[{"href":"https:\/\/urbanicc.fr\/index.php\/wp-json\/wp\/v2\/posts"}],"about":[{"href":"https:\/\/urbanicc.fr\/index.php\/wp-json\/wp\/v2\/types\/post"}],"author":[{"embeddable":true,"href":"https:\/\/urbanicc.fr\/index.php\/wp-json\/wp\/v2\/users\/10"}],"replies":[{"embeddable":true,"href":"https:\/\/urbanicc.fr\/index.php\/wp-json\/wp\/v2\/comments?post=3474"}],"version-history":[{"count":0,"href":"https:\/\/urbanicc.fr\/index.php\/wp-json\/wp\/v2\/posts\/3474\/revisions"}],"wp:featuredmedia":[{"embeddable":true,"href":"https:\/\/urbanicc.fr\/index.php\/wp-json\/wp\/v2\/media\/3529"}],"wp:attachment":[{"href":"https:\/\/urbanicc.fr\/index.php\/wp-json\/wp\/v2\/media?parent=3474"}],"wp:term":[{"taxonomy":"category","embeddable":true,"href":"https:\/\/urbanicc.fr\/index.php\/wp-json\/wp\/v2\/categories?post=3474"},{"taxonomy":"post_tag","embeddable":true,"href":"https:\/\/urbanicc.fr\/index.php\/wp-json\/wp\/v2\/tags?post=3474"}],"curies":[{"name":"wp","href":"https:\/\/api.w.org\/{rel}","templated":true}]}}