{"id":3412,"date":"2020-11-21T15:43:45","date_gmt":"2020-11-21T14:43:45","guid":{"rendered":"https:\/\/urbanicc.fr\/?p=3412"},"modified":"2020-11-21T15:43:46","modified_gmt":"2020-11-21T14:43:46","slug":"nouvelle-promesse-de-vente-projet-4e-en-bord-de-seine","status":"publish","type":"post","link":"https:\/\/urbanicc.fr\/index.php\/2020\/11\/21\/nouvelle-promesse-de-vente-projet-4e-en-bord-de-seine\/","title":{"rendered":"Nouvelle promesse de vente : projet 4E en bord de Seine"},"content":{"rendered":"\n<h2 class=\"wp-block-heading\"><s>Une nouvelle promesse de vente sur la ZAC Ivry Confluences est annonc\u00e9e par voie de presse : 28.000 m2 de logements et 3.000 m2 d&rsquo;activit\u00e9s \u00e9conomiques &#8211; Projet 4E en bord de Seine<\/s>.<\/h2>\n\n\n\n<div style=\"height:100px\" aria-hidden=\"true\" class=\"wp-block-spacer\"><\/div>\n\n\n\n<div class=\"wp-block-columns is-layout-flex wp-container-core-columns-is-layout-9d6595d7 wp-block-columns-is-layout-flex\">\n<div class=\"wp-block-column is-layout-flow wp-block-column-is-layout-flow\" style=\"flex-basis:66.66%\">\n<p>Le communiqu\u00e9 de presse de la SADEV soul\u00e8ve des interrogations :<\/p>\n\n\n\n<ul class=\"wp-block-list\"><li><strong><s>information <\/s><\/strong>: l&rsquo;\u00e9change avec les habitants sur ce projet s&rsquo;est interrompu en 2014.<\/li><li><strong><s>ivrynage <\/s><\/strong>: application d&rsquo;un concept qui n&rsquo;a pas encore \u00e9t\u00e9 r\u00e9ellement d\u00e9velopp\u00e9 avec les habitants.<\/li><li><strong><s>concertation <\/s><\/strong>: l&rsquo;exp\u00e9rience montre qu&rsquo;apr\u00e8s l&rsquo;\u00e9tape de contractualisation avec le promoteur il ne reste plus de place pour int\u00e9grer les propositions des habitants.<\/li><li><strong><s>activit\u00e9s \u00e9conomiques <\/s><\/strong>: r\u00e9duction de 14.000m2 \u00e0 3.000m2, est-ce la nouvelle orientation de la ZAC ?<\/li><\/ul>\n\n\n\n<figure class=\"wp-block-image size-large\"><img loading=\"lazy\" decoding=\"async\" width=\"876\" height=\"705\" src=\"https:\/\/urbanicc.fr\/wp-content\/uploads\/2020\/11\/4e_2-tinified.jpg\" alt=\"\" class=\"wp-image-3413\" srcset=\"https:\/\/urbanicc.fr\/wp-content\/uploads\/2020\/11\/4e_2-tinified.jpg 876w, https:\/\/urbanicc.fr\/wp-content\/uploads\/2020\/11\/4e_2-tinified-300x241.jpg 300w, https:\/\/urbanicc.fr\/wp-content\/uploads\/2020\/11\/4e_2-tinified-768x618.jpg 768w\" sizes=\"auto, (max-width: 876px) 100vw, 876px\" \/><figcaption>source : SADEV94<\/figcaption><\/figure>\n<\/div>\n\n\n\n<div class=\"wp-block-column urbanicc_background urbanicc_column_right is-layout-flow wp-block-column-is-layout-flow\" style=\"flex-basis:33.33%\">\n<h5 class=\"wp-block-heading\"><strong>Communiqu\u00e9 de presse de la SADEV 94<\/strong><\/h5>\n\n\n\n<figure class=\"wp-block-image size-large\"><img loading=\"lazy\" decoding=\"async\" width=\"400\" height=\"566\" src=\"https:\/\/urbanicc.fr\/wp-content\/uploads\/2020\/11\/20201117_SADEV_lot-4E-Ivry-Confluences.jpg\" alt=\"\" class=\"wp-image-3418\" srcset=\"https:\/\/urbanicc.fr\/wp-content\/uploads\/2020\/11\/20201117_SADEV_lot-4E-Ivry-Confluences.jpg 400w, https:\/\/urbanicc.fr\/wp-content\/uploads\/2020\/11\/20201117_SADEV_lot-4E-Ivry-Confluences-212x300.jpg 212w\" sizes=\"auto, (max-width: 400px) 100vw, 400px\" \/><\/figure>\n\n\n\n<div class=\"wp-block-file aligncenter\"><a href=\"https:\/\/urbanicc.fr\/wp-content\/uploads\/2020\/11\/20201117_SADEV_lot-4E-Ivry-Confluences-1.pdf\" class=\"wp-block-file__button\" download>T\u00e9l\u00e9charger<\/a><\/div>\n<\/div>\n<\/div>\n\n\n\n<div style=\"height:40px\" aria-hidden=\"true\" class=\"wp-block-spacer\"><\/div>\n\n\n\n<div style=\"height:100px\" aria-hidden=\"true\" class=\"wp-block-spacer\"><\/div>\n\n\n\n<p><\/p>\n","protected":false},"excerpt":{"rendered":"<p>Une nouvelle promesse de vente sur la ZAC Ivry Confluences est annonc\u00e9e par voie de presse : 28.000 m2 de logements et 3.000 m2 d&rsquo;activit\u00e9s \u00e9conomiques &#8211; Projet 4E en bord de Seine. Le communiqu\u00e9 de presse de la SADEV soul\u00e8ve des interrogations : information : l&rsquo;\u00e9change avec les habitants&#46;&#46;&#46;<\/p>\n","protected":false},"author":10,"featured_media":3415,"comment_status":"open","ping_status":"open","sticky":false,"template":"","format":"standard","meta":{"_exactmetrics_skip_tracking":false,"_exactmetrics_sitenote_active":false,"_exactmetrics_sitenote_note":"","_exactmetrics_sitenote_category":0,"ngg_post_thumbnail":0,"footnotes":""},"categories":[15],"tags":[],"class_list":["post-3412","post","type-post","status-publish","format-standard","has-post-thumbnail","hentry","category-article"],"_links":{"self":[{"href":"https:\/\/urbanicc.fr\/index.php\/wp-json\/wp\/v2\/posts\/3412","targetHints":{"allow":["GET"]}}],"collection":[{"href":"https:\/\/urbanicc.fr\/index.php\/wp-json\/wp\/v2\/posts"}],"about":[{"href":"https:\/\/urbanicc.fr\/index.php\/wp-json\/wp\/v2\/types\/post"}],"author":[{"embeddable":true,"href":"https:\/\/urbanicc.fr\/index.php\/wp-json\/wp\/v2\/users\/10"}],"replies":[{"embeddable":true,"href":"https:\/\/urbanicc.fr\/index.php\/wp-json\/wp\/v2\/comments?post=3412"}],"version-history":[{"count":0,"href":"https:\/\/urbanicc.fr\/index.php\/wp-json\/wp\/v2\/posts\/3412\/revisions"}],"wp:featuredmedia":[{"embeddable":true,"href":"https:\/\/urbanicc.fr\/index.php\/wp-json\/wp\/v2\/media\/3415"}],"wp:attachment":[{"href":"https:\/\/urbanicc.fr\/index.php\/wp-json\/wp\/v2\/media?parent=3412"}],"wp:term":[{"taxonomy":"category","embeddable":true,"href":"https:\/\/urbanicc.fr\/index.php\/wp-json\/wp\/v2\/categories?post=3412"},{"taxonomy":"post_tag","embeddable":true,"href":"https:\/\/urbanicc.fr\/index.php\/wp-json\/wp\/v2\/tags?post=3412"}],"curies":[{"name":"wp","href":"https:\/\/api.w.org\/{rel}","templated":true}]}}