{"id":3311,"date":"2020-11-21T21:38:57","date_gmt":"2020-11-21T20:38:57","guid":{"rendered":"https:\/\/urbanicc.fr\/?p=3311"},"modified":"2020-11-22T10:36:20","modified_gmt":"2020-11-22T09:36:20","slug":"entretien-avec-stephane-juguet-agence-what-time-is-i-t-1ere-partie","status":"publish","type":"post","link":"https:\/\/urbanicc.fr\/index.php\/2020\/11\/21\/entretien-avec-stephane-juguet-agence-what-time-is-i-t-1ere-partie\/","title":{"rendered":"Entretien avec St\u00e9phane Juguet &#8211; agence What Time Is I.T. [1\u00e8re partie]"},"content":{"rendered":"\n<h2 class=\"wp-block-heading\"><strong><s>St\u00e9phane Juguet, avec son agence What Time Is I.T., est l\u2019un des acteurs du groupement charg\u00e9 de la r\u00e9novation urbaine de la ZAC Ivry Confluences.<\/s><\/strong><\/h2>\n\n\n\n<h2 class=\"wp-block-heading\"><strong><s>Il a investi le quartier l\u2019an dernier, le sillonne, l&rsquo;\u00e9tudie. URBANICC a voulu entendre et vous transmettre les propos de cet anthropologue \u00e0 ce point d&rsquo;\u00e9tape. \u00ab POP City \u00bb, \u00ab La Miroiterie \u00bb, \u00ab ivrynage \u00bb, \u00ab Concert\u2019Action \u00bb, \u00ab diagnostic anthropologique \u00bb, \u00ab comit\u00e9 \u00e9ditorial \u00bb, \u00ab BETA-programme \u00bb, \u00ab ligne de front \u00bb, \u00ab p\u00e9tales \u00bb, \u00ab Communic\u2019Action \u00bb sont quelques-uns des concepts qu\u2019il d\u00e9veloppe ici.<\/s><\/strong><\/h2>\n\n\n\n<p>Interview conduit par URBANICC le 16 octobre 2020 &#8211; <strong><s>[premi\u00e8re partie]<\/s><\/strong> <strong><a href=\"https:\/\/urbanicc.fr\/index.php\/2020\/11\/22\/entretien-avec-stephane-juguet-agence-what-time-is-i-t-2nd-partie\/\">[consulter la seconde partie]<\/a><\/strong>.<\/p>\n\n\n\n<div style=\"height:100px\" aria-hidden=\"true\" class=\"wp-block-spacer\"><\/div>\n\n\n\n<div class=\"wp-block-columns is-layout-flex wp-container-core-columns-is-layout-9d6595d7 wp-block-columns-is-layout-flex\">\n<div class=\"wp-block-column is-layout-flow wp-block-column-is-layout-flow\" style=\"flex-basis:66.66%\">\n<h3 class=\"wp-block-heading\"><strong>M. Juguet, vous \u00eates d\u00e9j\u00e0 intervenu plusieurs fois en r\u00e9union publique, cependant pouvez-vous vous pr\u00e9senter \u00e0 nos lecteurs ? <\/strong><\/h3>\n\n\n\n<div style=\"height:30px\" aria-hidden=\"true\" class=\"wp-block-spacer\"><\/div>\n\n\n\n<div class=\"wp-block-columns is-layout-flex wp-container-core-columns-is-layout-9d6595d7 wp-block-columns-is-layout-flex\">\n<div class=\"wp-block-column is-layout-flow wp-block-column-is-layout-flow\" style=\"flex-basis:40%\">\n<figure class=\"wp-block-image size-large\"><img loading=\"lazy\" decoding=\"async\" width=\"500\" height=\"500\" src=\"https:\/\/urbanicc.fr\/wp-content\/uploads\/2020\/11\/STEPHANE2.jpg\" alt=\"St\u00e9phane Juguet - photo par Marine Chereau\" class=\"wp-image-3088\" srcset=\"https:\/\/urbanicc.fr\/wp-content\/uploads\/2020\/11\/STEPHANE2.jpg 500w, https:\/\/urbanicc.fr\/wp-content\/uploads\/2020\/11\/STEPHANE2-300x300.jpg 300w, https:\/\/urbanicc.fr\/wp-content\/uploads\/2020\/11\/STEPHANE2-150x150.jpg 150w, https:\/\/urbanicc.fr\/wp-content\/uploads\/2020\/11\/STEPHANE2-80x80.jpg 80w, https:\/\/urbanicc.fr\/wp-content\/uploads\/2020\/11\/STEPHANE2-320x320.jpg 320w\" sizes=\"auto, (max-width: 500px) 100vw, 500px\" \/><figcaption>St\u00e9phane Juguet &#8211; photo par Marine Chereau<\/figcaption><\/figure>\n<\/div>\n\n\n\n<div class=\"wp-block-column is-layout-flow wp-block-column-is-layout-flow\">\n<p>Je me d\u00e9finis d\u2019abord comme un anthropologue. C\u2019est ma formation.<\/p>\n\n\n\n<p>Je suis tr\u00e8s attach\u00e9 \u00e0 mon m\u00e9tier, ma comp\u00e9tence, moins \u00e0 mon titre universitaire qu\u2019\u00e0 ma pratique, celle de \u00ab&nbsp;la culture de l\u2019\u0153il&nbsp;\u00bb&nbsp;: j\u2019arpente un territoire avec une grille de lecture qui me permet de d\u00e9crypter des usages, des modes d\u2019habiter.<\/p>\n\n\n\n<p>Je suis tr\u00e8s attach\u00e9 au principe de l\u2019immersion, \u00e0 la capacit\u00e9 d\u2019entrer dans la culture d\u2019un territoire, de comprendre l\u2019esprit des lieux.<\/p>\n<\/div>\n<\/div>\n\n\n\n<p>Ma trajectoire professionnelle m\u2019a conduit \u00e0 occuper aujourd\u2019hui d\u2019autres fonctions. Ceci est n\u00e9 d\u2019une forme de frustration. Pendant longtemps je n\u2019\u00e9tais l\u00e0 que pour poser des diagnostics, faire du conseil.  J&rsquo;avais le sentiment que les id\u00e9es que je pouvais faire remonter du terrain trouvaient des difficult\u00e9s \u00e0 s\u2019incarner. <\/p>\n\n\n\n<p>Pour permettre que tout ce que j\u2019entendais du terrain puisse impacter les territoires o\u00f9 j&rsquo;intervenais, j\u2019ai commenc\u00e9 \u00e0 me lancer dans la pr\u00e9figuration. Donc aujourd\u2019hui j\u2019ai un autre m\u00e9tier&nbsp;:&nbsp;\u00eatre en charge de la pr\u00e9figuration de lieux, d\u2019\u00e9quipements.&nbsp;Ceci explique qu\u2019aujourd\u2019hui on est \u00e0 \u00ab&nbsp;La Miroiterie&nbsp;\u00bb qui est un \u00e9quipement, un outil, un lieu,&nbsp;au service de la concertation. C\u2019est aussi toute l\u2019op\u00e9ration que nous avons men\u00e9e cet \u00e9t\u00e9, autour de la Guinguette du Port. Au-del\u00e0 de l\u2019intention&nbsp;de partir \u00e0 la reconqu\u00eate de la Seine, tout l\u2019enjeu \u00e9tait aussi r\u00e9v\u00e9ler \u00ab l\u2019Usine des Eaux \u00bb, un \u00e9quipement patrimonial qui doit \u00eatre r\u00e9habilit\u00e9 pour en faire une destination, un \u00e9quipement structurant dans le cadre du projet urbain. La Guinguette du Port n\u2019est pas une fin en soi. C\u2019est le d\u00e9but d\u2019une histoire qui reste \u00e0 \u00e9crire en impliquant les habitants pour imaginer les activit\u00e9s que ce site pourrait demain accueillir.<\/p>\n\n\n\n<div style=\"height:100px\" aria-hidden=\"true\" class=\"wp-block-spacer\"><\/div>\n\n\n\n<h3 class=\"wp-block-heading\"><strong>Pouvez-vous nous rappeler la mission de <a href=\"http:\/\/wt2i.com\/\" target=\"_blank\" rel=\"noreferrer noopener\">What Time Is I.T.<\/a> ? Comment s\u2019articule-t-elle avec les autres membres de l&rsquo;\u00e9quipe de Ma\u00eetrise d\u2019\u0153uvre ?<\/strong><\/h3>\n\n\n\n<p>Il y a deux niveaux d\u2019intervention&nbsp;dans cette mission :<\/p>\n\n\n\n<ul class=\"wp-block-list\"><li>Le premier <strong><s>c\u2019est d\u2019imaginer une m\u00e9thode de concert\u2019action et non pas&nbsp; de concertation<\/s><\/strong>. En effet &nbsp;notre souhait&nbsp; n\u2019est pas juste d&rsquo;\u00eatre dans le verbe. Il s\u2019agit de trouver des pistes d\u2019actions qui puissent rapidement nous permettre de mettre en \u0153uvre des projets collaboratifs issus des \u00e9changes, du dialogue avec la population et avec les groupes constitu\u00e9s d\u2019habitants&nbsp;comme le v\u00f4tre.<\/li><\/ul>\n\n\n\n<ul class=\"wp-block-list\"><li>Notre deuxi\u00e8me mission est d\u2019occuper des lieux en friche pour devenir&nbsp;<strong><s>l\u2019animateur de l\u2019urbanisme transitoire<\/s><\/strong>, bien que cette terminologie ne soit&nbsp;pas la mienne. En effet notre souhait n\u2019est &nbsp;pas&nbsp; juste d\u2019ouvrir des parenth\u00e8ses. Notre souhait est plut\u00f4t d\u2019ouvrir des espaces pour tester des usages,&nbsp; non pas dans une optique d\u2019urbanisme transitoire mais dans une optique <strong><s>d\u2019urbanisme de transitions<\/s> <\/strong>(industrielle, \u00e9cologique, sociale, \u00e9nerg\u00e9tique\u2026). Pour cela j\u2019ai deux missions&nbsp;: la premi\u00e8re,  entrer en dialogue avec la population et tous les acteurs du programme. La deuxi\u00e8me, mettre en \u0153uvre &nbsp;des actions de prototypage qui nous conduisent \u00e0 tester les principes de l\u2019urbanisme de transitions. Tout cela renvoie \u00e0 la notion&nbsp;de tiers lieux, de lieux interm\u00e9diaires. <\/li><\/ul>\n<\/div>\n\n\n\n<div class=\"wp-block-column urbanicc_background urbanicc_column_right is-layout-flow wp-block-column-is-layout-flow\" style=\"flex-basis:33.33%\">\n<figure class=\"wp-block-image size-large\"><a href=\"http:\/\/wt2i.com\/\" target=\"_blank\" rel=\"noopener noreferrer\"><img loading=\"lazy\" decoding=\"async\" width=\"600\" height=\"260\" src=\"https:\/\/urbanicc.fr\/wp-content\/uploads\/2020\/11\/logo_wt2i_black-1.png\" alt=\"\" class=\"wp-image-3096\" srcset=\"https:\/\/urbanicc.fr\/wp-content\/uploads\/2020\/11\/logo_wt2i_black-1.png 600w, https:\/\/urbanicc.fr\/wp-content\/uploads\/2020\/11\/logo_wt2i_black-1-300x130.png 300w\" sizes=\"auto, (max-width: 600px) 100vw, 600px\" \/><\/a><\/figure>\n\n\n\n<h4 class=\"has-text-align-left has-luminous-vivid-amber-background-color has-background wp-block-heading\"><strong>Projets d&rsquo;urbanisme en cours<\/strong><\/h4>\n\n\n\n<p>Toutes les op\u00e9rations que What Time Is I.T. est en train de mener aujourd\u2019hui ont en commun qu\u2019elles concernent des quartiers populaires. Ce n\u2019est pas li\u00e9 \u00e0 un choix personnel mais plut\u00f4t \u00e0 une approche quasi militante de la mani\u00e8re dont on travaille au sein de What Time Is I.T. Nous partageons la sensibilit\u00e9 \u00e0 la dignit\u00e9 humaine. Entre nous, nous parlons non pas de quartiers mais de \u00ab&nbsp;lignes de front&nbsp;\u00bb.<\/p>\n\n\n\n<p class=\"has-small-font-size\">Faisons le tour des terrains de jeux qui sont les n\u00f4tres&nbsp;aujourd\u2019hui :<\/p>\n\n\n\n<ul class=\"wp-block-list\"><li><strong><s>Le quartier Alma Gare \u00e0 Roubaix<\/s><\/strong>, concern\u00e9 par un projet de r\u00e9novation urbaine.&nbsp;Cette \u00e9tude est men\u00e9e en collaboration avec <a href=\"http:\/\/www.uaps.net\/\" target=\"_blank\" rel=\"noreferrer noopener\"><strong>uapS<\/strong><\/a>. Nous agissons l\u00e0, dans un quartier extr\u00eamement pauvre de Roubaix qui elle-m\u00eame est l\u2019une des villes les plus pauvres de France. Nous agissons dans ce contexte de grande fragilit\u00e9 pour renouer le dialogue avec la population. C\u2019est une v\u00e9ritable ligne de front mais en m\u00eame temps &nbsp;un quartier dans lequel il y a eu un r\u00e9cit. Ce r\u00e9cit s\u2019est construit &nbsp;notamment autour de l\u2019urbanisme participatif avec des projets d\u2019autogestion qui ont nourri les imaginaires de g\u00e9n\u00e9rations d&rsquo;urbanistes. Dans ce contexte, je prends la mesure de la n\u00e9cessit\u00e9 de produire quelque chose d\u2019utile, de&nbsp;produire de la valeur, du travail.<\/li><\/ul>\n\n\n\n<ul class=\"wp-block-list\"><li>Autre terrain de jeu, et non des moindres,&nbsp;<strong><s>la ZAC gare des Mines situ\u00e9e entre porte de la Chapelle et porte d\u2019aubervilliers<\/s><\/strong>.  Aujourd\u2019hui c\u2019est une sorte de centre d\u2019h\u00e9bergement \u00e0 ciel ouvert, notamment&nbsp;pour les migrants. Au milieu de tout cela, se trouve, une enclave&nbsp;&#8211; la cit\u00e9 Charles Hermite &#8211; au bord de la fracture avec des rumeurs qui naissent d\u2019un&nbsp;projet urbain largement pouss\u00e9 par l\u2019arriv\u00e9e d\u2019un \u00e9quipement sportif&nbsp;dans le cadre des jeux olympiques de 2024. Les habitants de cette cit\u00e9 ont le sentiment d\u2019\u00eatre totalement d\u00e9pass\u00e9s par une urbanit\u00e9 qui leur arrive dessus. <\/li><\/ul>\n\n\n\n<ul class=\"wp-block-list\"><li><strong><s>Le troisi\u00e8me projet est la ZAC Ivry confluences<\/s><\/strong> qui pour moi est aussi une \u00ab ligne de front \u00bb au bon sens du terme. Il va falloir d\u00e9velopper notre capacit\u00e9 \u00e0 trouver des modalit\u00e9s pour impliquer les habitants quel que soit leur statut, leur histoire. Mais il va falloir r\u00e9ussir aussi la m\u00e9tamorphose d\u2019un territoire servant en une ville au service du vivant.  Comment construire \u00e0 Ivry Port non pas un d\u00e9monstrateur mais un quartier qui trouve dans&nbsp;ses am\u00e9nagements mais aussi avec ses habitants une capacit\u00e9 de r\u00e9silience. Comment s\u2019invente ici une autre mani\u00e8re de fabriquer de la ville. Une belle intention. <\/li><\/ul>\n\n\n\n<p><\/p>\n<\/div>\n<\/div>\n\n\n\n<p>Notre r\u00f4le aussi est de <strong><s>r\u00e9v\u00e9ler toutes les p\u00e9pites<\/s><\/strong> qui existent dans le quartier et qui parfois sont des angles morts car elles ne sont pas dans les sph\u00e8res institutionnelles, dans l\u2019univers des&nbsp; pratiques culturelles qui sont les n\u00f4tres (exemple \u00ab&nbsp;La Fonderie&nbsp;\u00bb qui est un studio d\u2019enregistrement d\u2019une autre nature que le Studio Kremlin ). Ces acteurs rendent compte de la diversit\u00e9 de chaque fili\u00e8re, ils doivent donner leur avis sur le projet. Ivry Port est un territoire inspirant. Il faut relier entre elles toutes ces p\u00e9pites, pour rep\u00e9rer tous les filons qui peuvent constituer des fili\u00e8res \u00e9conomiques de demain&nbsp;: le r\u00e9emploi, le cin\u00e9ma et l\u2019audiovisuel, la transformation alimentaire, les artisans.<\/p>\n\n\n\n<p><strong><s>Pour ce qui est de la coordination<\/s><\/strong> au sein de l\u2019\u00e9quipe de ma\u00eetrise d\u2019oeuvre, nous jouons en \u00e9quipe. Nous avons des rendez-vous fr\u00e9quents qui nous permettent d\u2019exposer nos points de vue. Au sein de l\u2019\u00e9quipe, la prise en compte du point de vue des habitants que What Time Is I.T. est cens\u00e9 faire remonter est int\u00e9gr\u00e9 et pleinement reconnu. Sinon il y aurait un risque de d\u00e9crochage. Autre chose d\u2019essentiel: What Time Is I.T. ne doit pas \u00eatre simplement dans le discours, dans la remont\u00e9e de l\u2019imaginaire des habitants, de leurs envies et d\u00e9sirs. Il faut que nous soyons dans des actes. Tout cela converge autour de la conception des \u00eelots selon le principe de l&rsquo; <s><strong>\u00ab&nbsp;Ivrynage&nbsp;\u00bb<\/strong><\/s>, vision que porte le groupement. L\u2019association des habitants dans cette conception doit se faire rapidement, par exemple dans les prochaines op\u00e9rations de l\u2019\u00eelot du BHV.<\/p>\n\n\n\n<div style=\"height:60px\" aria-hidden=\"true\" class=\"wp-block-spacer\"><\/div>\n\n\n\n<h3 class=\"wp-block-heading\"><strong>Quelles sont les grandes lignes de votre vision du quartier et de votre diagnostic anthropologique&nbsp;?<\/strong><\/h3>\n\n\n\n<p>J\u2019ai pr\u00e9sent\u00e9 mon diagnostic anthropologique juste avant la COVID.<\/p>\n\n\n\n<p>D\u2019abord, je rappelle ma m\u00e9thode qui est la lecture de la ville du bas et non pas vue du haut, en m &lsquo;appuyant&nbsp; sur&nbsp; \u00ab&nbsp;l\u2019urbanisme de trottoir&nbsp;\u00bb. Je me suis immerg\u00e9 dans le territoire, j\u2019ai fait une s\u00e9rie de rencontres, en m\u2019int\u00e9ressant \u00e0 l\u2019espace mais aussi au rythme.<\/p>\n\n\n\n<p>J\u2019ai d\u00e9coup\u00e9 le quartier d\u2019Ivry Port en <strong><s>4 zones d\u2019exploration<\/s><\/strong> pour structurer mes observations anthropologiques. L\u2019un des enjeux est de tisser du lien entre ces \u00ab micro \u00bb quartiers pour pr\u00e9server l\u2019identit\u00e9 d\u2019Ivry Port. Je les ai appel\u00e9s des <strong><s>\u00ab&nbsp;p\u00e9tales \u00bb<\/s><\/strong>&nbsp;:<\/p>\n\n\n\n<ul class=\"wp-block-list\"><li><strong><s>Le faubourg historique<\/s><\/strong> (de la rue L\u00e9nine jusqu\u2019\u00e0 la place de l\u2019insurrection), relativement bien \u00e9quip\u00e9, et pr\u00e9sentant une&nbsp;certaine vitalit\u00e9 \u00e9conomique, avec de la mixit\u00e9 dans un esprit faubourien. Mais il conna\u00eet un processus de d\u00e9gradation. Comment arrive-t-on \u00e0 monter en qualit\u00e9&nbsp;? Comment regagne-t-on en attractivit\u00e9&nbsp;en s\u2019appuyant sur des leviers tels que le studio Kremlin et le projet Ivrywood et Le Soft.<\/li><li><strong><s>Le Farwest<\/s><\/strong> (au sud ouest) o\u00f9 on a un sentiment de d\u00e9solation, qui reste un angle mort. Or ce territoire a des atouts. On s\u2019est consacr\u00e9 l\u00e9gitimement sur la r\u00e9flexion en bords de Seine mais on a oubli\u00e9 tout ce territoire en bord de la voie ferr\u00e9e qui est un paysage en tant que tel. Quelle dynamique peut-on y impulser&nbsp;? Les habitants de ce territoire ont le sentiment d\u2019\u00eatre abandonn\u00e9s. Cette p\u00e9tale, si on n\u2019y pr\u00eate pas attention, pourrait faner. <\/li><li><strong><s>La plateforme du bord de Seine<\/s><\/strong>. Ce secteur se singularise par la pr\u00e9sence d\u2019\u00e9l\u00e9ments embl\u00e9matiques et monumentaux qui structurent le paysage. La chemin\u00e9e de l\u2019usine CPCU, l\u2019enseigne de l\u2019usine Saint-Rapha\u00ebl, la passerelle aux c\u00e2bles\u2026 sont autant de rep\u00e8res et de marqueurs du passe\u0301 industriel de la ville. Comment construire un grand parc m\u00e9tropolitain qui compose avec ces \u00e9l\u00e9ments structurant nos imaginaires ?<\/li><li><strong><s>Le r\u00e9servoir<\/s><\/strong> qui renvoie \u00e0 toute l\u2019histoire li\u00e9e \u00e0 l\u2019eau. L\u2019eau du fleuve, la rue de la baignade mais aussi l\u2019usine des eaux, le service de traitement des eaux us\u00e9es, le centre de recherche des eaux de la ville de Paris\u2026 L\u2019eau est pr\u00e9sente mais elle reste invisible, inaccessible. Aucune fontaine, aucune noue, aucune plage, aucun miroir d\u2019eau\u2026 ne vient la mettre en sc\u00e8ne dans l\u2019espace public. Comment, d\u00e8s lors, rendre visible cette ressource ?<\/li><\/ul>\n\n\n\n<div class=\"wp-block-columns is-layout-flex wp-container-core-columns-is-layout-9d6595d7 wp-block-columns-is-layout-flex\">\n<div class=\"wp-block-column is-layout-flow wp-block-column-is-layout-flow\"><\/div>\n<\/div>\n\n\n\n<div class=\"wp-block-columns is-layout-flex wp-container-core-columns-is-layout-9d6595d7 wp-block-columns-is-layout-flex\">\n<div class=\"wp-block-column is-vertically-aligned-top urbanicc_background urbanicc_column_left is-layout-flow wp-block-column-is-layout-flow\" style=\"flex-basis:33.33%\">\n<h4 class=\"has-luminous-vivid-amber-background-color has-background wp-block-heading\"><strong>Zones d&rsquo;exploration : les p\u00e9tales<\/strong><\/h4>\n\n\n\n<figure class=\"wp-block-gallery aligncenter columns-1 is-cropped wp-block-gallery-1 is-layout-flex wp-block-gallery-is-layout-flex\"><ul class=\"blocks-gallery-grid\"><li class=\"blocks-gallery-item\"><figure><a href=\"https:\/\/urbanicc.fr\/wp-content\/uploads\/2020\/11\/Slide-peetales_SJ-tinified.jpg\"><img loading=\"lazy\" decoding=\"async\" width=\"1024\" height=\"731\" src=\"https:\/\/urbanicc.fr\/wp-content\/uploads\/2020\/11\/Slide-peetales_SJ-tinified-1024x731.jpg\" alt=\"\" data-id=\"3256\" data-full-url=\"https:\/\/urbanicc.fr\/wp-content\/uploads\/2020\/11\/Slide-peetales_SJ-tinified.jpg\" data-link=\"https:\/\/urbanicc.fr\/?attachment_id=3256\" class=\"wp-image-3256\" srcset=\"https:\/\/urbanicc.fr\/wp-content\/uploads\/2020\/11\/Slide-peetales_SJ-tinified-1024x731.jpg 1024w, https:\/\/urbanicc.fr\/wp-content\/uploads\/2020\/11\/Slide-peetales_SJ-tinified-300x214.jpg 300w, https:\/\/urbanicc.fr\/wp-content\/uploads\/2020\/11\/Slide-peetales_SJ-tinified-768x548.jpg 768w, https:\/\/urbanicc.fr\/wp-content\/uploads\/2020\/11\/Slide-peetales_SJ-tinified-1536x1097.jpg 1536w, https:\/\/urbanicc.fr\/wp-content\/uploads\/2020\/11\/Slide-peetales_SJ-tinified.jpg 1559w\" sizes=\"auto, (max-width: 1024px) 100vw, 1024px\" \/><\/a><\/figure><\/li><\/ul><\/figure>\n\n\n\n<p>Chaque p\u00e9tale repr\u00e9sente des zones d&rsquo;exploration. Ce sch\u00e9ma n&rsquo;est pas la r\u00e9alit\u00e9. C&rsquo;est une grille de lecture qui permet de structurer notre analyse et nos observations. La repr\u00e9sentation urbanistique du groupement est plus fine. Elle repose sur un principe de lani\u00e8res qui se chevauchent et forment un tissu urbain plus op\u00e9rationnel.<\/p>\n<\/div>\n\n\n\n<div class=\"wp-block-column is-layout-flow wp-block-column-is-layout-flow\" style=\"flex-basis:66.66%\">\n<p>Il faut travailler la porosit\u00e9 entre ces mondes, \u00e9viter que les p\u00e9tales ne se referment sur elle-m\u00eame, assurer une coh\u00e9rence d\u2019ensemble, orchestrer les flux, les r\u00e9seaux vers Vitry, la Seine, le centre d&rsquo; Ivry. Il faut  cr\u00e9er des \u00e9quipements de proximit\u00e9 \u00e0 l\u2019\u00e9chelle de chaque p\u00e9tale, pour r\u00e9pondre \u00e0 l\u2019injonction de la ville du quart d\u2019heure. Je m\u2019interroge \u00e9galement sur la cr\u00e9ation \u00e0 l\u2019\u00e9chelle de chaque p\u00e9tale,&nbsp;de polarit\u00e9s structurantes, supports de dynamiques. On voit bien que demain la Halle SAGEP (Ex. Usines des Eaux) pourrait devenir une polarit\u00e9 structurante.&nbsp; <\/p>\n\n\n\n<p>Il faut \u00e0 la fois cr\u00e9er <strong><s>des synergies entre les p\u00e9tales et traiter la question des franchissements pour qu&rsquo;Ivry port devienne un quartier traversant. <\/s><\/strong><\/p>\n\n\n\n<p>J\u2019aborde les identit\u00e9s&nbsp;: nous sommes dans une ville insulaire, du fait de ses &nbsp;traverses, de &nbsp;la Seine et de la voie ferr\u00e9e. Mais c\u2019est aussi une ville-monde. On est reli\u00e9 au Havre. On est travers\u00e9 par des communaut\u00e9s que la Guinguette a r\u00e9v\u00e9l\u00e9es. On reste une ville servante. Enfin Ivry  est une ville accueillante pour les populations vuln\u00e9rables.<\/p>\n\n\n\n<p>Je m\u2019int\u00e9resse aussi <strong><s>aux attachements \u00e0 la ville<\/s><\/strong>. Qu\u2019est ce qui fait que l\u2019on est ou pas attach\u00e9 \u00e0 cette ville&nbsp;? Qu\u2019est qui fait que l\u2019on s\u2019en d\u00e9tache&nbsp;?<\/p>\n\n\n\n<p>Comment fait-on pour que dans ce territoire en pleine mutation, les gens gardent prise sur ces transformations et que l\u2019on ait pas l\u2019impression d\u2019\u00eatre d\u00e9racin\u00e9s ? Comment un quartier peut rester attachant physiquement et affectivement alors qu\u2019il est soumis \u00e0 des profondes mutations&nbsp;? Ceci m\u2019int\u00e9resse anthropologiquement.<\/p>\n\n\n\n<p>Pour mesurer tout cela, j\u2019ai mon radar qui comprend des aspects affectifs, paysagers, \u00e9conomiques, pratiques, communautaires.<\/p>\n\n\n\n<p>Tout cela m\u2019a permis de dessiner un portrait des habitants que j\u2019ai rencontr\u00e9s, &nbsp;qui sont <strong><s>des id\u00e9aux-types<\/s><\/strong>. Tous n\u2019ont pas le m\u00eame attachement au territoire&nbsp;et n\u2019activent pas les m\u00eames arguments : le \u00ab camarade \u00bb, le banlieusard (dont le n\u00e9o-arrivant),  les commer\u00e7ants, les \u00e9tudiants, etc.<\/p>\n<\/div>\n<\/div>\n\n\n\n<div class=\"wp-block-columns is-layout-flex wp-container-core-columns-is-layout-9d6595d7 wp-block-columns-is-layout-flex\">\n<div class=\"wp-block-column is-layout-flow wp-block-column-is-layout-flow\"><\/div>\n<\/div>\n\n\n\n<p>J\u2019ai fait une synth\u00e8se de ces id\u00e9aux-types. L\u2019enjeu maintenant est de relier tous ces parcours de vie au projet Ivry Confluences, d\u2019offrir aux habitants des points de contacts, des r\u00e9seaux de services, tout ce qui peut permettre de s\u2019ancrer dans ce territoire ou de se mettre en mouvement. il ne faut pas en effet \u00eatre pris au pi\u00e8ge de la dimension&nbsp;insulaire de ce territoire.<br><br>J\u2019insiste sur le fait qu\u2019 Ivry port est une identit\u00e9 en mutation. Il va falloir assumer le contexte dans lequel nous sommes : choc sanitaire, choc social, r\u00e9cession \u00e9conomique avec un march\u00e9 des bureaux qui s\u2019effondre, choc politique avec l\u2019interrogation de chacun sur sa place dans ce quartier en chantier. Comment on accompagne ces transformations \u00e0 l\u2019\u0153uvre \u00e0 travers une concertation qui permette d&rsquo;\u00e9vacuer les peurs, et comment on vient nourrir le projet urbain&nbsp;?&nbsp;<\/p>\n\n\n\n<p>Enfin en derni\u00e8re partie, j&rsquo;aborde la fa\u00e7on dont Ivry Port pourrait devenir une ville au service du vivant&nbsp;: je d\u00e9cline la n\u00e9cessit\u00e9 de travailler sur toutes les vuln\u00e9rabilit\u00e9s auxquelles nous allons \u00eatre confront\u00e9es : vuln\u00e9rabilit\u00e9 \u00e9conomique, \u00e9cologique, sociale, &#8230; L\u2019enjeu est clair : \u00ab faire soci\u00e9t\u00e9 \u00bb c\u2019est-\u00e0-dire favoriser le vivre ensemble pour construire une ville inclusive et r\u00e9siliente.<\/p>\n\n\n\n<p>Ce diagnostic vient nourrir le manifeste sur la POP City et les r\u00e9flexions d\u2019Anne Mie Depuydt sur la transformation du plan guide.<\/p>\n\n\n\n<div style=\"height:60px\" aria-hidden=\"true\" class=\"wp-block-spacer\"><\/div>\n\n\n\n<div style=\"height:60px\" aria-hidden=\"true\" class=\"wp-block-spacer\"><\/div>\n\n\n\n<div class=\"wp-block-columns is-layout-flex wp-container-core-columns-is-layout-9d6595d7 wp-block-columns-is-layout-flex\">\n<div class=\"wp-block-column is-layout-flow wp-block-column-is-layout-flow\" style=\"flex-basis:25%\">\n<div class=\"wp-block-buttons is-layout-flex wp-block-buttons-is-layout-flex\"><\/div>\n<\/div>\n\n\n\n<div class=\"wp-block-column is-layout-flow wp-block-column-is-layout-flow\" style=\"flex-basis:50%\">\n<div class=\"wp-block-buttons is-layout-flex wp-block-buttons-is-layout-flex\">\n<div class=\"wp-block-button\"><a class=\"wp-block-button__link has-black-color has-luminous-vivid-amber-background-color has-text-color has-background\" href=\"https:\/\/urbanicc.fr\/index.php\/2020\/11\/22\/entretien-avec-stephane-juguet-agence-what-time-is-i-t-2nd-partie\/\"><strong>consulter la seconde partie de l&rsquo;interview<\/strong><\/a><\/div>\n<\/div>\n\n\n\n<div style=\"height:100px\" aria-hidden=\"true\" class=\"wp-block-spacer\"><\/div>\n\n\n\n<p class=\"has-white-color has-luminous-vivid-orange-background-color has-text-color has-background\"><strong>COVID-19 &#8211; confinement acte 2<\/strong><br>Cette rencontre s&rsquo;est d\u00e9roul\u00e9e le 16\/10\/2020, avant l&rsquo;annonce des restrictions li\u00e9es au 2\u00e8me confinement de 2020. Certains \u00e9l\u00e9ments ont donc pu \u00e9voluer depuis.<\/p>\n<\/div>\n\n\n\n<div class=\"wp-block-column is-layout-flow wp-block-column-is-layout-flow\" style=\"flex-basis:25%\"><\/div>\n<\/div>\n\n\n\n<div style=\"height:100px\" aria-hidden=\"true\" class=\"wp-block-spacer\"><\/div>\n\n\n\n<p><\/p>\n","protected":false},"excerpt":{"rendered":"<p>St\u00e9phane Juguet, avec son agence What Time Is I.T., est l\u2019un des acteurs du groupement charg\u00e9 de la r\u00e9novation urbaine de la ZAC Ivry Confluences. Il a investi le quartier l\u2019an dernier, le sillonne, l&rsquo;\u00e9tudie. URBANICC a voulu entendre et vous transmettre les propos de cet anthropologue \u00e0 ce point&#46;&#46;&#46;<\/p>\n","protected":false},"author":10,"featured_media":3255,"comment_status":"open","ping_status":"open","sticky":false,"template":"","format":"standard","meta":{"_exactmetrics_skip_tracking":false,"_exactmetrics_sitenote_active":false,"_exactmetrics_sitenote_note":"","_exactmetrics_sitenote_category":0,"ngg_post_thumbnail":0,"footnotes":""},"categories":[18,17],"tags":[],"class_list":["post-3311","post","type-post","status-publish","format-standard","has-post-thumbnail","hentry","category-entretien","category-rencontre"],"_links":{"self":[{"href":"https:\/\/urbanicc.fr\/index.php\/wp-json\/wp\/v2\/posts\/3311","targetHints":{"allow":["GET"]}}],"collection":[{"href":"https:\/\/urbanicc.fr\/index.php\/wp-json\/wp\/v2\/posts"}],"about":[{"href":"https:\/\/urbanicc.fr\/index.php\/wp-json\/wp\/v2\/types\/post"}],"author":[{"embeddable":true,"href":"https:\/\/urbanicc.fr\/index.php\/wp-json\/wp\/v2\/users\/10"}],"replies":[{"embeddable":true,"href":"https:\/\/urbanicc.fr\/index.php\/wp-json\/wp\/v2\/comments?post=3311"}],"version-history":[{"count":0,"href":"https:\/\/urbanicc.fr\/index.php\/wp-json\/wp\/v2\/posts\/3311\/revisions"}],"wp:featuredmedia":[{"embeddable":true,"href":"https:\/\/urbanicc.fr\/index.php\/wp-json\/wp\/v2\/media\/3255"}],"wp:attachment":[{"href":"https:\/\/urbanicc.fr\/index.php\/wp-json\/wp\/v2\/media?parent=3311"}],"wp:term":[{"taxonomy":"category","embeddable":true,"href":"https:\/\/urbanicc.fr\/index.php\/wp-json\/wp\/v2\/categories?post=3311"},{"taxonomy":"post_tag","embeddable":true,"href":"https:\/\/urbanicc.fr\/index.php\/wp-json\/wp\/v2\/tags?post=3311"}],"curies":[{"name":"wp","href":"https:\/\/api.w.org\/{rel}","templated":true}]}}