{"id":2989,"date":"2020-11-12T18:36:25","date_gmt":"2020-11-12T17:36:25","guid":{"rendered":"https:\/\/urbanicc.fr\/?p=2989"},"modified":"2020-11-19T12:24:10","modified_gmt":"2020-11-19T11:24:10","slug":"le-soft-journees-portes-ouvertes-de-larchitecture-octobre-2020","status":"publish","type":"post","link":"https:\/\/urbanicc.fr\/index.php\/2020\/11\/12\/le-soft-journees-portes-ouvertes-de-larchitecture-octobre-2020\/","title":{"rendered":"Le Soft : journ\u00e9es portes ouvertes de l&rsquo;architecture &#8211; octobre 2020"},"content":{"rendered":"\n<div class=\"wp-block-columns is-layout-flex wp-container-core-columns-is-layout-9d6595d7 wp-block-columns-is-layout-flex\">\n<div class=\"wp-block-column is-layout-flow wp-block-column-is-layout-flow\"><\/div>\n<\/div>\n\n\n\n<div class=\"wp-block-columns is-layout-flex wp-container-core-columns-is-layout-9d6595d7 wp-block-columns-is-layout-flex\">\n<div class=\"wp-block-column is-layout-flow wp-block-column-is-layout-flow\" style=\"flex-basis:33.33%\">\n<figure class=\"wp-block-image size-large\"><img loading=\"lazy\" decoding=\"async\" width=\"768\" height=\"1024\" src=\"https:\/\/urbanicc.fr\/wp-content\/uploads\/2020\/11\/Expo-JA-Soft_RETHINK-C_Horn_9-tinified-768x1024.jpg\" alt=\"\" class=\"wp-image-3000\" srcset=\"https:\/\/urbanicc.fr\/wp-content\/uploads\/2020\/11\/Expo-JA-Soft_RETHINK-C_Horn_9-tinified-768x1024.jpg 768w, https:\/\/urbanicc.fr\/wp-content\/uploads\/2020\/11\/Expo-JA-Soft_RETHINK-C_Horn_9-tinified-225x300.jpg 225w, https:\/\/urbanicc.fr\/wp-content\/uploads\/2020\/11\/Expo-JA-Soft_RETHINK-C_Horn_9-tinified-1152x1536.jpg 1152w, https:\/\/urbanicc.fr\/wp-content\/uploads\/2020\/11\/Expo-JA-Soft_RETHINK-C_Horn_9-tinified.jpg 1500w\" sizes=\"auto, (max-width: 768px) 100vw, 768px\" \/><\/figure>\n<\/div>\n\n\n\n<div class=\"wp-block-column is-layout-flow wp-block-column-is-layout-flow\" style=\"flex-basis:66.66%\">\n<h3 class=\"wp-block-heading\"><s><strong>Les premi\u00e8res journ\u00e9es de l\u2019architecture h\u00e9berg\u00e9es par l\u2019association <a href=\"https:\/\/lesoftivry.fr\/presentation\/\" target=\"_blank\" rel=\"noreferrer noopener\">Le Soft<\/a> \u00e0 Ivry-sur-Seine dans les murs du b\u00e2timent rue Charles Coulomb, ont \u00e9t\u00e9 l\u2019occasion de mettre en valeur la diversit\u00e9 des productions de ses membres. Elles ont d\u00e9montr\u00e9 la transversalit\u00e9 des points de vue autour de l&rsquo;objet urbain, de l&rsquo;architecture \u00e0 l&rsquo;art, en passant par l&rsquo;\u00e9conomie circulaire.<\/strong><\/s><\/h3>\n\n\n\n<h3 class=\"wp-block-heading\">Gr\u00e2ce \u00e0 l\u2019investissement collectif de ses membres, cette exposition a pu obtenir un large \u00e9cho aupr\u00e8s du public et offrir un \u00e9v\u00e9nement culturel aux habitants d\u2019Ivry-sur-Seine. Le but \u00e9tant de dynamiser la vie culturelle du quartier Ivry Port, et de g\u00e9n\u00e9rer une interaction entre les concepteurs et les usagers.<\/h3>\n<\/div>\n<\/div>\n\n\n\n<p>A l\u2019initiative des agences d\u2019architecture Rethink et Po&amp;M, cette journ\u00e9e portes ouvertes a permis de pr\u00e9senter les travaux de multiples acteurs de la sc\u00e8ne culturelle ivryen.ne.s :<\/p>\n\n\n\n<ul class=\"wp-block-list\"><li>Rethink Architecture, architecture et urbanisme<\/li><li>Po&amp;M Architectes, atelier d\u2019architecture<\/li><li>Jo&amp;Co Ing\u00e9nierie, bureau d\u2019\u00e9tudes structure<\/li><li>El Caf\u00e9 Latino, magazine des cultures latino-am\u00e9ricaines<\/li><li>Les Editions Terrain Vague, atelier de s\u00e9rigraphie<\/li><li>Dimitri, artiste peintre &amp; photographe<\/li><li>La Fabrique Edmond, atelier de fabrication de mobiliers en mat\u00e9riaux r\u00e9employ\u00e9s<\/li><li>Cyganek et Julie Poulain \/ Louise Decruck \/ Fleuryfontaine \/ Anna Principaud, artistes<\/li><\/ul>\n\n\n\n<div style=\"height:100px\" aria-hidden=\"true\" class=\"wp-block-spacer\"><\/div>\n\n\n\n<p>L\u2019agence <strong><a href=\"http:\/\/rethink.fr\/language\/fr\/rethink-fr\/\" target=\"_blank\" rel=\"noreferrer noopener\">RETHINK<\/a><\/strong> a r\u00e9v\u00e9l\u00e9 au public le m\u00e9tier d\u2019architecte dans ses diff\u00e9rents aspects : urbanisme, paysage, architecture, mati\u00e8res et \u00e9cologie. Trois projets d\u2019am\u00e9nagement de l\u2019\u00e9chelle de l\u2019\u00eelot au b\u00e2timent et une maquette d\u2019un prototype d\u2019unit\u00e9 d\u2019habitation de Charlotte Perriand ont \u00e9t\u00e9 le support pour \u00e9changer sur la qualit\u00e9 des espaces urbains et architecturaux.<\/p>\n\n\n\n<div style=\"height:31px\" aria-hidden=\"true\" class=\"wp-block-spacer\"><\/div>\n\n\n\n<p>L\u2019atelier <strong><a href=\"http:\/\/www.poetm.fr\/\" target=\"_blank\" rel=\"noreferrer noopener\">Po&amp;M Architectes<\/a><\/strong> a pr\u00e9sent\u00e9 un aper\u00e7u de son travail r\u00e9alis\u00e9 depuis 7 ann\u00e9es en choisissant un dessin repr\u00e9sentatif par projet soit 85 planches. Montrer l\u2019envers du d\u00e9cor de la ma\u00eetrise d\u2019oeuvre en exposant les outils qui nous permettent de concevoir et construire nos projets nous semblait plus pertinent pour donner \u00e0 voir l\u2019arbre r\u00e9el de notre travail. L\u2019Architecture doit \u00eatre v\u00e9cue, exp\u00e9riment\u00e9e de tout son corps et ses sens. Nous vous invitons donc \u00e0 visiter le fruit de nos travaux dont le dernier n\u00e9 se trouve <a href=\"https:\/\/www.qwant.com\/maps\/place\/latlon:49.07694:2.10862#map=17.07\/49.0768211\/2.1092858\" target=\"_blank\" rel=\"noreferrer noopener\">ici<\/a>.<br>Une ouverture sur un futur plus l\u00e9ger, plus symbiotique et plus respectueux de son environnement (b\u00e2ti et humain) de la pratique de l\u2019Architecte pr\u00e9figure la suite de la production de l\u2019atelier dans ce monde d\u2019apr\u00e8s Covid19.<\/p>\n\n\n\n<div style=\"height:30px\" aria-hidden=\"true\" class=\"wp-block-spacer\"><\/div>\n\n\n\n<p><strong><a href=\"https:\/\/www.editionsterrainvague.com\/\" target=\"_blank\" rel=\"noreferrer noopener\">Les Editions Terrain Vague<\/a><\/strong> est un atelier\/r\u00e9sidence tourn\u00e9 autour de la cr\u00e9ation de s\u00e9rigraphies et de livres d\u2019art. Depuis 2013, ce laboratoire est ouvert \u00e0 des artistes pour la plupart issus du graffiti, concr\u00e9tis\u00e9 par des acteurs impliqu\u00e9s depuis les ann\u00e9es 90 dans ce mouvement et ayant chacun d\u00e9velopp\u00e9 une pratique artisanale autour de l\u2019image imprim\u00e9e. Cet atelier grand-parisien devient donc naturellement un espace de cr\u00e9ation totale et de collaboration entre les artistes invit\u00e9s et l\u2019\u00e9quipe r\u00e9sidente de Terrain Vague. La production des s\u00e9rigraphies, gravures, linogravures, livres, reste fid\u00e8le aux convictions des artistes.<\/p>\n\n\n\n<p>Les Editions Terrain Vague, vous ont pr\u00e9sent\u00e9 les deux projets suivants :<\/p>\n\n\n\n<ul class=\"wp-block-list\"><li><strong>Rhodia &#8211; Marion Chombart de Lauwe. <\/strong>Une s\u00e9rie de vingt instants qui suivent la disparition de l&rsquo;ancienne usine de la Rhodiac\u00e9ta \u00e0 Besan\u00e7on, nomm\u00e9e plus famili\u00e8rement La Rhodia. Ces dessins qui t\u00e9moignent d&rsquo;un temps de basculement vers un devenir autre, sont un trait d&rsquo;union o\u00f9 l&rsquo;on voit apparaitre les couches s\u00e9dimentaires d&rsquo;une Histoire \u00e0 multiples facettes. A voir <a href=\"https:\/\/www.editionsterrainvague.com\/editions\/livre-fanzine\/\">ici<\/a><\/li><li><strong>\u00ab\u202fDumb City\u202f\u00bb de Jean-Baptiste Barra et Timoth\u00e9e Engasser. <\/strong>Ce coffret traite de l\u2019apparition de marques urbaines d\u2019un nouveau genre, abstraites, publiques et multicouches et pose un regard ludique sur l\u2019effacement du graffiti. Une carte retrace l\u2019historique du buff et interroge ses motivations politiques. Gr\u00e2ce \u00e0 des photos argentiques et des vid\u00e9os documentaires, le lecteur d\u00e9couvrira aussi les stigmates que cet effacement acharn\u00e9 laisse sur les murs de Toulouse.&nbsp;A voir <a href=\"https:\/\/youtu.be\/G89KXkQW9Vc\">ici<\/a><\/li><\/ul>\n\n\n\n<div style=\"height:30px\" aria-hidden=\"true\" class=\"wp-block-spacer\"><\/div>\n\n\n\n<p>L&rsquo;architecture et le mobilier se compl\u00e8tent et se voient comme un tout. <strong><a href=\"https:\/\/www.fabrique-edmond.com\/\" target=\"_blank\" rel=\"noreferrer noopener\">Fabrique Edmond<\/a><\/strong> a souhait\u00e9 exposer aux c\u00f4t\u00e9s d&rsquo;architectes et d&rsquo;autres artistes, quelques pi\u00e8ces uniques fabriqu\u00e9es en bois de r\u00e9emploi afin de mettre un visage sur le design au sein de l&rsquo;\u00e9conomie circulaire. Ce sont aussi des fili\u00e8res de revalorisation comme le r\u00e9emploi de portes pali\u00e8res de logements qui sont parfois \u00e0 l&rsquo;origine de ces cr\u00e9ations, une nouvelle passerelle entre l&rsquo;architecture et le mobilier.<\/p>\n\n\n\n<div style=\"height:30px\" aria-hidden=\"true\" class=\"wp-block-spacer\"><\/div>\n\n\n\n<p>Pour ces journ\u00e9es de l\u2019architecture, les artistes <a href=\"https:\/\/www.louisedecruck.com\/\" target=\"_blank\" rel=\"noreferrer noopener\"><strong>Louise Decruck<\/strong><\/a>, <a href=\"https:\/\/fleuryfontaine.fr\/\" target=\"_blank\" rel=\"noreferrer noopener\"><strong>Fleuryfontaine<\/strong><\/a>, <a href=\"http:\/\/annaprincipaud.com\/\" target=\"_blank\" rel=\"noreferrer noopener\"><strong>Anna Principaud<\/strong><\/a>, <a href=\"http:\/\/www.cyganeketpoulain.com\/\" target=\"_blank\" rel=\"noreferrer noopener\"><strong>Olivier Cyganek et Julie Poulain<\/strong><\/a> ont propos\u00e9 une programmation vid\u00e9o.<br>Chacun d\u2019entre eux a nourri cette programmation avec une de ses productions \u2013 film ou video, l\u2019ensemble t\u00e9moignant des questions qu\u2019ils se posent, en tant qu\u2019artistes aujourd\u2019hui, sur les relations que l\u2019humain entretient avec son environnement.<br>Cette programmation est plac\u00e9e sous le th\u00e8me des \u00ab D\u00e9sordres \u00bb : \u00ab parce que le d\u00e9sordre est politique \u2013 parce que le d\u00e9sordre est social \u2013 parce que le d\u00e9sordre c\u2019est la vie \u2013 parce que le d\u00e9sordre c\u2019est le grain de sable dans le syst\u00e8me \u2013 et que nous croyons que les artistes aujourd\u2019hui, via leurs recherches mais aussi via les lieux o\u00f9 ils font surgir leurs pratiques, infiltrent, envahissent, interf\u00e8rent\u2026 mettant la puissance du d\u00e9sordre au coeur de leur mode d\u2019action pour mieux questionner cette fois les relations de l\u2019humain avec son habitat et ses espaces de vie. \u00bb<\/p>\n\n\n\n<div style=\"height:30px\" aria-hidden=\"true\" class=\"wp-block-spacer\"><\/div>\n\n\n\n<p><strong><u><a href=\"https:\/\/elcafelatino.org\/\" target=\"_blank\" rel=\"noreferrer noopener\">El Caf\u00e9 Latino<\/a><\/u><\/strong><em> <\/em>est un magazine qui met en avant les cultures latino-am\u00e9ricaines en cassant les clich\u00e9s. \u00c0 l\u2019occasion de la journ\u00e9e de l\u2019architecture, nous avons pr\u00e9sent\u00e9 des articles concernant le travail d\u2019Oscar Niemeyer, tr\u00e8s influent architecte, connu pour ses \u00e9difices publics \u00e0 Brasilia. Nous avons \u00e9galement, montr\u00e9 le mus\u00e9e de la biodiversit\u00e9 de Panama qui a une architecture remarquable. En somme, d\u00e9montrer que l\u2019Am\u00e9rique latine \u00ab ce ne sont pas uniquement des bidonvilles \u00bb.<\/p>\n\n\n\n<div style=\"height:30px\" aria-hidden=\"true\" class=\"wp-block-spacer\"><\/div>\n\n\n\n<p><strong><u>Jo&amp;Co Ing\u00e9nierie<\/u><\/strong> est un bureau d\u2019\u00e9tudes structures et g\u00e9nie civil (b\u00e9ton arm\u00e9 acier et bois), intervenant sur des projets de construction neufs ou en r\u00e9habilitation (r\u00e9sidentiel, tertiaire ou industriel).<br>En mesure d\u2019int\u00e9grer un projet d\u00e8s les phases amont : conception, \u00e9tudes d\u2019avant-projet ainsi que les phases d&rsquo;ex\u00e9cution, via \u00e9tudes, suivi et coordination d&rsquo;op\u00e9ration.<br>Passionn\u00e9 de technique, JO&amp;CO Ing\u00e9nierie est \u00e0 l\u2019\u00e9coute pour mener \u00e0 bien vos projets les plus exigeants de fa\u00e7on consciencieuse et r\u00e9active.<br>Pour l\u2019occasion ont \u00e9t\u00e9 expos\u00e9s des projets de charpente m\u00e9tallique industrielle, du renfort de structures en r\u00e9habilitation et r\u00e9am\u00e9nagement de b\u00e2timent, ainsi que des analyses de structures soumises \u00e0 effort en soufflerie virtuelle. Faisant ainsi \u00e9cho \u00e0 Zaha Hadid, relevant \u00ab &#8230; qui a dit que le monde \u00e9tait un angle droit ? \u00bb.<\/p>\n\n\n\n<div style=\"height:31px\" aria-hidden=\"true\" class=\"wp-block-spacer\"><\/div>\n\n\n\n<p><span style=\"text-decoration: underline;\"><strong><strong><strong>Dimitri<\/strong><\/strong><\/strong> <\/span>est un artiste peinture issu de la sc\u00e8ne du graffiti. Il a pr\u00e9sent\u00e9 pour l\u2019occasion des clich\u00e9s argentiques de pi\u00e8ces architecturales absurdes ou en d\u00e9sh\u00e9rence, glan\u00e9es au cours de ses voyages dans l\u2019Europe centrale qu\u2019il affectionne.<\/p>\n\n\n\n<div style=\"height:100px\" aria-hidden=\"true\" class=\"wp-block-spacer\"><\/div>\n\n\n\n<figure class=\"wp-block-gallery columns-3 is-cropped wp-block-gallery-1 is-layout-flex wp-block-gallery-is-layout-flex\"><ul class=\"blocks-gallery-grid\"><li class=\"blocks-gallery-item\"><figure><img loading=\"lazy\" decoding=\"async\" width=\"1024\" height=\"768\" src=\"https:\/\/urbanicc.fr\/wp-content\/uploads\/2020\/11\/RE_Expo-JA-Soft-F_RETHINK-C_Horn_1-tinified-1024x768.jpg\" alt=\"\" data-id=\"3014\" data-full-url=\"https:\/\/urbanicc.fr\/wp-content\/uploads\/2020\/11\/RE_Expo-JA-Soft-F_RETHINK-C_Horn_1-tinified.jpg\" data-link=\"https:\/\/urbanicc.fr\/re_expo-ja-soft-f_rethink-c_horn_1-tinified\/\" class=\"wp-image-3014\" srcset=\"https:\/\/urbanicc.fr\/wp-content\/uploads\/2020\/11\/RE_Expo-JA-Soft-F_RETHINK-C_Horn_1-tinified-1024x768.jpg 1024w, https:\/\/urbanicc.fr\/wp-content\/uploads\/2020\/11\/RE_Expo-JA-Soft-F_RETHINK-C_Horn_1-tinified-300x225.jpg 300w, https:\/\/urbanicc.fr\/wp-content\/uploads\/2020\/11\/RE_Expo-JA-Soft-F_RETHINK-C_Horn_1-tinified-768x576.jpg 768w, https:\/\/urbanicc.fr\/wp-content\/uploads\/2020\/11\/RE_Expo-JA-Soft-F_RETHINK-C_Horn_1-tinified-1536x1152.jpg 1536w, https:\/\/urbanicc.fr\/wp-content\/uploads\/2020\/11\/RE_Expo-JA-Soft-F_RETHINK-C_Horn_1-tinified.jpg 2000w\" sizes=\"auto, (max-width: 1024px) 100vw, 1024px\" \/><\/figure><\/li><li class=\"blocks-gallery-item\"><figure><img loading=\"lazy\" decoding=\"async\" width=\"1024\" height=\"768\" src=\"https:\/\/urbanicc.fr\/wp-content\/uploads\/2020\/11\/IMG_20201017_173747-tinified-1024x768.jpg\" alt=\"\" data-id=\"3013\" data-full-url=\"https:\/\/urbanicc.fr\/wp-content\/uploads\/2020\/11\/IMG_20201017_173747-tinified.jpg\" data-link=\"https:\/\/urbanicc.fr\/img_20201017_173747-tinified\/\" class=\"wp-image-3013\" srcset=\"https:\/\/urbanicc.fr\/wp-content\/uploads\/2020\/11\/IMG_20201017_173747-tinified-1024x768.jpg 1024w, https:\/\/urbanicc.fr\/wp-content\/uploads\/2020\/11\/IMG_20201017_173747-tinified-300x225.jpg 300w, https:\/\/urbanicc.fr\/wp-content\/uploads\/2020\/11\/IMG_20201017_173747-tinified-768x576.jpg 768w, https:\/\/urbanicc.fr\/wp-content\/uploads\/2020\/11\/IMG_20201017_173747-tinified-1536x1152.jpg 1536w, https:\/\/urbanicc.fr\/wp-content\/uploads\/2020\/11\/IMG_20201017_173747-tinified.jpg 2000w\" sizes=\"auto, (max-width: 1024px) 100vw, 1024px\" \/><\/figure><\/li><li class=\"blocks-gallery-item\"><figure><img loading=\"lazy\" decoding=\"async\" width=\"768\" height=\"1024\" src=\"https:\/\/urbanicc.fr\/wp-content\/uploads\/2020\/11\/IMG_20201017_173316-tinified-768x1024.jpg\" alt=\"\" data-id=\"3012\" data-full-url=\"https:\/\/urbanicc.fr\/wp-content\/uploads\/2020\/11\/IMG_20201017_173316-tinified.jpg\" data-link=\"https:\/\/urbanicc.fr\/img_20201017_173316-tinified\/\" class=\"wp-image-3012\" srcset=\"https:\/\/urbanicc.fr\/wp-content\/uploads\/2020\/11\/IMG_20201017_173316-tinified-768x1024.jpg 768w, https:\/\/urbanicc.fr\/wp-content\/uploads\/2020\/11\/IMG_20201017_173316-tinified-225x300.jpg 225w, https:\/\/urbanicc.fr\/wp-content\/uploads\/2020\/11\/IMG_20201017_173316-tinified-1152x1536.jpg 1152w, https:\/\/urbanicc.fr\/wp-content\/uploads\/2020\/11\/IMG_20201017_173316-tinified.jpg 1500w\" sizes=\"auto, (max-width: 768px) 100vw, 768px\" \/><\/figure><\/li><li class=\"blocks-gallery-item\"><figure><img loading=\"lazy\" decoding=\"async\" width=\"1024\" height=\"768\" src=\"https:\/\/urbanicc.fr\/wp-content\/uploads\/2020\/11\/IMG_20201017_173252-tinified-1024x768.jpg\" alt=\"\" data-id=\"3011\" data-full-url=\"https:\/\/urbanicc.fr\/wp-content\/uploads\/2020\/11\/IMG_20201017_173252-tinified.jpg\" data-link=\"https:\/\/urbanicc.fr\/img_20201017_173252-tinified\/\" class=\"wp-image-3011\" srcset=\"https:\/\/urbanicc.fr\/wp-content\/uploads\/2020\/11\/IMG_20201017_173252-tinified-1024x768.jpg 1024w, https:\/\/urbanicc.fr\/wp-content\/uploads\/2020\/11\/IMG_20201017_173252-tinified-300x225.jpg 300w, https:\/\/urbanicc.fr\/wp-content\/uploads\/2020\/11\/IMG_20201017_173252-tinified-768x576.jpg 768w, https:\/\/urbanicc.fr\/wp-content\/uploads\/2020\/11\/IMG_20201017_173252-tinified-1536x1152.jpg 1536w, https:\/\/urbanicc.fr\/wp-content\/uploads\/2020\/11\/IMG_20201017_173252-tinified.jpg 2000w\" sizes=\"auto, (max-width: 1024px) 100vw, 1024px\" \/><\/figure><\/li><li class=\"blocks-gallery-item\"><figure><img loading=\"lazy\" decoding=\"async\" width=\"1024\" height=\"768\" src=\"https:\/\/urbanicc.fr\/wp-content\/uploads\/2020\/11\/IMG_20201016_181804-tinified-1024x768.jpg\" alt=\"\" data-id=\"3010\" data-full-url=\"https:\/\/urbanicc.fr\/wp-content\/uploads\/2020\/11\/IMG_20201016_181804-tinified.jpg\" data-link=\"https:\/\/urbanicc.fr\/img_20201016_181804-tinified\/\" class=\"wp-image-3010\" srcset=\"https:\/\/urbanicc.fr\/wp-content\/uploads\/2020\/11\/IMG_20201016_181804-tinified-1024x768.jpg 1024w, https:\/\/urbanicc.fr\/wp-content\/uploads\/2020\/11\/IMG_20201016_181804-tinified-300x225.jpg 300w, https:\/\/urbanicc.fr\/wp-content\/uploads\/2020\/11\/IMG_20201016_181804-tinified-768x576.jpg 768w, https:\/\/urbanicc.fr\/wp-content\/uploads\/2020\/11\/IMG_20201016_181804-tinified-1536x1152.jpg 1536w, https:\/\/urbanicc.fr\/wp-content\/uploads\/2020\/11\/IMG_20201016_181804-tinified.jpg 2000w\" sizes=\"auto, (max-width: 1024px) 100vw, 1024px\" \/><\/figure><\/li><li class=\"blocks-gallery-item\"><figure><img loading=\"lazy\" decoding=\"async\" width=\"1024\" height=\"768\" src=\"https:\/\/urbanicc.fr\/wp-content\/uploads\/2020\/11\/IMG_5410-tinified-1024x768.jpg\" alt=\"\" data-id=\"3004\" data-full-url=\"https:\/\/urbanicc.fr\/wp-content\/uploads\/2020\/11\/IMG_5410-tinified.jpg\" data-link=\"https:\/\/urbanicc.fr\/img_5410-tinified\/\" class=\"wp-image-3004\" srcset=\"https:\/\/urbanicc.fr\/wp-content\/uploads\/2020\/11\/IMG_5410-tinified-1024x768.jpg 1024w, https:\/\/urbanicc.fr\/wp-content\/uploads\/2020\/11\/IMG_5410-tinified-300x225.jpg 300w, https:\/\/urbanicc.fr\/wp-content\/uploads\/2020\/11\/IMG_5410-tinified-768x576.jpg 768w, https:\/\/urbanicc.fr\/wp-content\/uploads\/2020\/11\/IMG_5410-tinified.jpg 1134w\" sizes=\"auto, (max-width: 1024px) 100vw, 1024px\" \/><\/figure><\/li><li class=\"blocks-gallery-item\"><figure><img loading=\"lazy\" decoding=\"async\" width=\"1024\" height=\"768\" src=\"https:\/\/urbanicc.fr\/wp-content\/uploads\/2020\/11\/IMG_5412-tinified-1024x768.jpg\" alt=\"\" data-id=\"3005\" data-full-url=\"https:\/\/urbanicc.fr\/wp-content\/uploads\/2020\/11\/IMG_5412-tinified.jpg\" data-link=\"https:\/\/urbanicc.fr\/img_5412-tinified\/\" class=\"wp-image-3005\" srcset=\"https:\/\/urbanicc.fr\/wp-content\/uploads\/2020\/11\/IMG_5412-tinified-1024x768.jpg 1024w, https:\/\/urbanicc.fr\/wp-content\/uploads\/2020\/11\/IMG_5412-tinified-300x225.jpg 300w, https:\/\/urbanicc.fr\/wp-content\/uploads\/2020\/11\/IMG_5412-tinified-768x576.jpg 768w, https:\/\/urbanicc.fr\/wp-content\/uploads\/2020\/11\/IMG_5412-tinified.jpg 1134w\" sizes=\"auto, (max-width: 1024px) 100vw, 1024px\" \/><\/figure><\/li><li class=\"blocks-gallery-item\"><figure><img loading=\"lazy\" decoding=\"async\" width=\"1024\" height=\"768\" src=\"https:\/\/urbanicc.fr\/wp-content\/uploads\/2020\/11\/IMG_5416-tinified-1024x768.jpg\" alt=\"\" data-id=\"3006\" data-full-url=\"https:\/\/urbanicc.fr\/wp-content\/uploads\/2020\/11\/IMG_5416-tinified.jpg\" data-link=\"https:\/\/urbanicc.fr\/img_5416-tinified\/\" class=\"wp-image-3006\" srcset=\"https:\/\/urbanicc.fr\/wp-content\/uploads\/2020\/11\/IMG_5416-tinified-1024x768.jpg 1024w, https:\/\/urbanicc.fr\/wp-content\/uploads\/2020\/11\/IMG_5416-tinified-300x225.jpg 300w, https:\/\/urbanicc.fr\/wp-content\/uploads\/2020\/11\/IMG_5416-tinified-768x576.jpg 768w, https:\/\/urbanicc.fr\/wp-content\/uploads\/2020\/11\/IMG_5416-tinified.jpg 1134w\" sizes=\"auto, (max-width: 1024px) 100vw, 1024px\" \/><\/figure><\/li><li class=\"blocks-gallery-item\"><figure><img loading=\"lazy\" decoding=\"async\" width=\"768\" height=\"1024\" src=\"https:\/\/urbanicc.fr\/wp-content\/uploads\/2020\/11\/IMG_5425-tinified-768x1024.jpg\" alt=\"\" data-id=\"3007\" data-full-url=\"https:\/\/urbanicc.fr\/wp-content\/uploads\/2020\/11\/IMG_5425-tinified.jpg\" data-link=\"https:\/\/urbanicc.fr\/img_5425-tinified\/\" class=\"wp-image-3007\" srcset=\"https:\/\/urbanicc.fr\/wp-content\/uploads\/2020\/11\/IMG_5425-tinified-768x1025.jpg 768w, https:\/\/urbanicc.fr\/wp-content\/uploads\/2020\/11\/IMG_5425-tinified-225x300.jpg 225w, https:\/\/urbanicc.fr\/wp-content\/uploads\/2020\/11\/IMG_5425-tinified.jpg 850w\" sizes=\"auto, (max-width: 768px) 100vw, 768px\" \/><\/figure><\/li><li class=\"blocks-gallery-item\"><figure><img loading=\"lazy\" decoding=\"async\" width=\"1024\" height=\"768\" src=\"https:\/\/urbanicc.fr\/wp-content\/uploads\/2020\/11\/IMG_20201016_181555-tinified-1024x768.jpg\" alt=\"\" data-id=\"3008\" data-full-url=\"https:\/\/urbanicc.fr\/wp-content\/uploads\/2020\/11\/IMG_20201016_181555-tinified.jpg\" data-link=\"https:\/\/urbanicc.fr\/img_20201016_181555-tinified\/\" class=\"wp-image-3008\" srcset=\"https:\/\/urbanicc.fr\/wp-content\/uploads\/2020\/11\/IMG_20201016_181555-tinified-1024x768.jpg 1024w, https:\/\/urbanicc.fr\/wp-content\/uploads\/2020\/11\/IMG_20201016_181555-tinified-300x225.jpg 300w, https:\/\/urbanicc.fr\/wp-content\/uploads\/2020\/11\/IMG_20201016_181555-tinified-768x576.jpg 768w, https:\/\/urbanicc.fr\/wp-content\/uploads\/2020\/11\/IMG_20201016_181555-tinified-1536x1152.jpg 1536w, https:\/\/urbanicc.fr\/wp-content\/uploads\/2020\/11\/IMG_20201016_181555-tinified.jpg 2000w\" sizes=\"auto, (max-width: 1024px) 100vw, 1024px\" \/><\/figure><\/li><li class=\"blocks-gallery-item\"><figure><img loading=\"lazy\" decoding=\"async\" width=\"768\" height=\"1024\" src=\"https:\/\/urbanicc.fr\/wp-content\/uploads\/2020\/11\/IMG_20201016_181647-tinified-768x1024.jpg\" alt=\"\" data-id=\"3009\" data-full-url=\"https:\/\/urbanicc.fr\/wp-content\/uploads\/2020\/11\/IMG_20201016_181647-tinified.jpg\" data-link=\"https:\/\/urbanicc.fr\/img_20201016_181647-tinified\/\" class=\"wp-image-3009\" srcset=\"https:\/\/urbanicc.fr\/wp-content\/uploads\/2020\/11\/IMG_20201016_181647-tinified-768x1024.jpg 768w, https:\/\/urbanicc.fr\/wp-content\/uploads\/2020\/11\/IMG_20201016_181647-tinified-225x300.jpg 225w, https:\/\/urbanicc.fr\/wp-content\/uploads\/2020\/11\/IMG_20201016_181647-tinified-1152x1536.jpg 1152w, https:\/\/urbanicc.fr\/wp-content\/uploads\/2020\/11\/IMG_20201016_181647-tinified.jpg 1500w\" sizes=\"auto, (max-width: 768px) 100vw, 768px\" \/><\/figure><\/li><li class=\"blocks-gallery-item\"><figure><img loading=\"lazy\" decoding=\"async\" width=\"768\" height=\"1024\" src=\"https:\/\/urbanicc.fr\/wp-content\/uploads\/2020\/11\/IMG_5407-tinified-768x1024.jpg\" alt=\"\" data-id=\"3003\" data-full-url=\"https:\/\/urbanicc.fr\/wp-content\/uploads\/2020\/11\/IMG_5407-tinified.jpg\" data-link=\"https:\/\/urbanicc.fr\/img_5407-tinified\/\" class=\"wp-image-3003\" srcset=\"https:\/\/urbanicc.fr\/wp-content\/uploads\/2020\/11\/IMG_5407-tinified-768x1025.jpg 768w, https:\/\/urbanicc.fr\/wp-content\/uploads\/2020\/11\/IMG_5407-tinified-225x300.jpg 225w, https:\/\/urbanicc.fr\/wp-content\/uploads\/2020\/11\/IMG_5407-tinified.jpg 850w\" sizes=\"auto, (max-width: 768px) 100vw, 768px\" \/><\/figure><\/li><li class=\"blocks-gallery-item\"><figure><img loading=\"lazy\" decoding=\"async\" width=\"1024\" height=\"768\" src=\"https:\/\/urbanicc.fr\/wp-content\/uploads\/2020\/11\/IMG_5406-tinified-1024x768.jpg\" alt=\"\" data-id=\"3002\" data-full-url=\"https:\/\/urbanicc.fr\/wp-content\/uploads\/2020\/11\/IMG_5406-tinified.jpg\" data-link=\"https:\/\/urbanicc.fr\/img_5406-tinified\/\" class=\"wp-image-3002\" srcset=\"https:\/\/urbanicc.fr\/wp-content\/uploads\/2020\/11\/IMG_5406-tinified-1024x768.jpg 1024w, https:\/\/urbanicc.fr\/wp-content\/uploads\/2020\/11\/IMG_5406-tinified-300x225.jpg 300w, https:\/\/urbanicc.fr\/wp-content\/uploads\/2020\/11\/IMG_5406-tinified-768x576.jpg 768w, https:\/\/urbanicc.fr\/wp-content\/uploads\/2020\/11\/IMG_5406-tinified.jpg 1417w\" sizes=\"auto, (max-width: 1024px) 100vw, 1024px\" \/><\/figure><\/li><li class=\"blocks-gallery-item\"><figure><img loading=\"lazy\" decoding=\"async\" width=\"1024\" height=\"768\" src=\"https:\/\/urbanicc.fr\/wp-content\/uploads\/2020\/11\/Expo-JA-Soft_RETHINK-C_Horn_14-tinified-1024x768.jpg\" alt=\"\" data-id=\"3001\" data-full-url=\"https:\/\/urbanicc.fr\/wp-content\/uploads\/2020\/11\/Expo-JA-Soft_RETHINK-C_Horn_14-tinified.jpg\" data-link=\"https:\/\/urbanicc.fr\/expo-ja-soft_rethink-c_horn_14-tinified\/\" class=\"wp-image-3001\" srcset=\"https:\/\/urbanicc.fr\/wp-content\/uploads\/2020\/11\/Expo-JA-Soft_RETHINK-C_Horn_14-tinified-1024x768.jpg 1024w, https:\/\/urbanicc.fr\/wp-content\/uploads\/2020\/11\/Expo-JA-Soft_RETHINK-C_Horn_14-tinified-300x225.jpg 300w, https:\/\/urbanicc.fr\/wp-content\/uploads\/2020\/11\/Expo-JA-Soft_RETHINK-C_Horn_14-tinified-768x576.jpg 768w, https:\/\/urbanicc.fr\/wp-content\/uploads\/2020\/11\/Expo-JA-Soft_RETHINK-C_Horn_14-tinified-1536x1152.jpg 1536w, https:\/\/urbanicc.fr\/wp-content\/uploads\/2020\/11\/Expo-JA-Soft_RETHINK-C_Horn_14-tinified.jpg 2000w\" sizes=\"auto, (max-width: 1024px) 100vw, 1024px\" \/><\/figure><\/li><li class=\"blocks-gallery-item\"><figure><img loading=\"lazy\" decoding=\"async\" width=\"1024\" height=\"684\" src=\"https:\/\/urbanicc.fr\/wp-content\/uploads\/2020\/11\/RE_Expo-JA-Soft-F_RETHINK-C_Horn_5-tinified-1024x684.jpg\" alt=\"\" data-id=\"2999\" data-full-url=\"https:\/\/urbanicc.fr\/wp-content\/uploads\/2020\/11\/RE_Expo-JA-Soft-F_RETHINK-C_Horn_5-tinified.jpg\" data-link=\"https:\/\/urbanicc.fr\/re_expo-ja-soft-f_rethink-c_horn_5-tinified\/\" class=\"wp-image-2999\" srcset=\"https:\/\/urbanicc.fr\/wp-content\/uploads\/2020\/11\/RE_Expo-JA-Soft-F_RETHINK-C_Horn_5-tinified-1024x684.jpg 1024w, https:\/\/urbanicc.fr\/wp-content\/uploads\/2020\/11\/RE_Expo-JA-Soft-F_RETHINK-C_Horn_5-tinified-300x200.jpg 300w, https:\/\/urbanicc.fr\/wp-content\/uploads\/2020\/11\/RE_Expo-JA-Soft-F_RETHINK-C_Horn_5-tinified-768x513.jpg 768w, https:\/\/urbanicc.fr\/wp-content\/uploads\/2020\/11\/RE_Expo-JA-Soft-F_RETHINK-C_Horn_5-tinified-1536x1025.jpg 1536w, https:\/\/urbanicc.fr\/wp-content\/uploads\/2020\/11\/RE_Expo-JA-Soft-F_RETHINK-C_Horn_5-tinified.jpg 2000w\" sizes=\"auto, (max-width: 1024px) 100vw, 1024px\" \/><\/figure><\/li><\/ul><\/figure>\n\n\n\n<div style=\"height:100px\" aria-hidden=\"true\" class=\"wp-block-spacer\"><\/div>\n","protected":false},"excerpt":{"rendered":"<p>Les premi\u00e8res journ\u00e9es de l\u2019architecture h\u00e9berg\u00e9es par l\u2019association Le Soft \u00e0 Ivry-sur-Seine dans les murs du b\u00e2timent rue Charles Coulomb, ont \u00e9t\u00e9 l\u2019occasion de mettre en valeur la diversit\u00e9 des productions de ses membres. Elles ont d\u00e9montr\u00e9 la transversalit\u00e9 des points de vue autour de l&rsquo;objet urbain, de l&rsquo;architecture \u00e0&#46;&#46;&#46;<\/p>\n","protected":false},"author":10,"featured_media":3411,"comment_status":"open","ping_status":"open","sticky":false,"template":"","format":"standard","meta":{"_exactmetrics_skip_tracking":false,"_exactmetrics_sitenote_active":false,"_exactmetrics_sitenote_note":"","_exactmetrics_sitenote_category":0,"ngg_post_thumbnail":0,"footnotes":""},"categories":[15],"tags":[],"class_list":["post-2989","post","type-post","status-publish","format-standard","has-post-thumbnail","hentry","category-article"],"_links":{"self":[{"href":"https:\/\/urbanicc.fr\/index.php\/wp-json\/wp\/v2\/posts\/2989","targetHints":{"allow":["GET"]}}],"collection":[{"href":"https:\/\/urbanicc.fr\/index.php\/wp-json\/wp\/v2\/posts"}],"about":[{"href":"https:\/\/urbanicc.fr\/index.php\/wp-json\/wp\/v2\/types\/post"}],"author":[{"embeddable":true,"href":"https:\/\/urbanicc.fr\/index.php\/wp-json\/wp\/v2\/users\/10"}],"replies":[{"embeddable":true,"href":"https:\/\/urbanicc.fr\/index.php\/wp-json\/wp\/v2\/comments?post=2989"}],"version-history":[{"count":0,"href":"https:\/\/urbanicc.fr\/index.php\/wp-json\/wp\/v2\/posts\/2989\/revisions"}],"wp:featuredmedia":[{"embeddable":true,"href":"https:\/\/urbanicc.fr\/index.php\/wp-json\/wp\/v2\/media\/3411"}],"wp:attachment":[{"href":"https:\/\/urbanicc.fr\/index.php\/wp-json\/wp\/v2\/media?parent=2989"}],"wp:term":[{"taxonomy":"category","embeddable":true,"href":"https:\/\/urbanicc.fr\/index.php\/wp-json\/wp\/v2\/categories?post=2989"},{"taxonomy":"post_tag","embeddable":true,"href":"https:\/\/urbanicc.fr\/index.php\/wp-json\/wp\/v2\/tags?post=2989"}],"curies":[{"name":"wp","href":"https:\/\/api.w.org\/{rel}","templated":true}]}}