{"id":2310,"date":"2020-01-28T09:01:03","date_gmt":"2020-01-28T08:01:03","guid":{"rendered":"https:\/\/urbanicc.fr\/?p=2310"},"modified":"2020-03-05T14:40:56","modified_gmt":"2020-03-05T13:40:56","slug":"nouveau-groupe-scolaire-bhv","status":"publish","type":"post","link":"https:\/\/urbanicc.fr\/index.php\/2020\/01\/28\/nouveau-groupe-scolaire-bhv\/","title":{"rendered":"Nouveau groupe scolaire BHV"},"content":{"rendered":"\n<p>Janvier 2020, retour sur l&rsquo;\u00e9tat d&rsquo;avancement du projet de construction d&rsquo;un groupe scolaire de 25 classes, d&rsquo;un gymnase et de 280 logements \u00e9tudiants.  Sur le terrain, rien n&rsquo;a chang\u00e9, le terrain vague laiss\u00e9 par la destruction des anciens entrep\u00f4ts du BVH est toujours pr\u00e9sent. Pour autant, le projet n&rsquo;est pas \u00e0 l&rsquo;arr\u00eat : le permis de construire a \u00e9t\u00e9 d\u00e9livr\u00e9 et la proc\u00e9dure d&rsquo;appel d&rsquo;offre pour la r\u00e9alisation a \u00e9t\u00e9 lanc\u00e9e.<\/p>\n\n\n\n<p>Pour en savoir plus sur cette deuxi\u00e8me \u00e9cole d&rsquo;Ivry Confluences :<\/p>\n\n\n\n<ul class=\"wp-block-list\"><li><a href=\"https:\/\/urbanicc.fr\/index.php\/groupe-scolaire-bhv-rencontre-avec-le-maire-et-emmanuelle-colboc\/\">le compte rendu de notre rencontre avec le Maire et Emmanuelle Colboc, architecte du projet laur\u00e9at<\/a> (janvier 2020, modifi\u00e9 en mars 2020 &#8211; ajout du courrier de r\u00e9ponse de la Mairie d&rsquo;Ivry-sur-Seine)<\/li><li><a href=\"https:\/\/urbanicc.fr\/index.php\/groupe-scolaire-bhv-projets-non-retenus\/\">les pr\u00e9sentations de deux projets non retenus<\/a> (janvier 2020)<\/li><li><a href=\"https:\/\/urbanicc.fr\/index.php\/groupe-scolaire-bhv-3e-analyse-critique\/\">notre premi\u00e8re analyse critique du projet laur\u00e9at<\/a> (ao\u00fbt 2019)<\/li><\/ul>\n\n\n\n<div style=\"height:100px\" aria-hidden=\"true\" class=\"wp-block-spacer\"><\/div>\n\n\n\n<p><\/p>\n\n\n\n<figure class=\"wp-block-image size-large\"><img loading=\"lazy\" decoding=\"async\" width=\"1024\" height=\"768\" src=\"https:\/\/urbanicc.fr\/wp-content\/uploads\/2020\/01\/IMG_20200117_135300-1-1024x768.jpg\" alt=\"\" class=\"wp-image-2311\" srcset=\"https:\/\/urbanicc.fr\/wp-content\/uploads\/2020\/01\/IMG_20200117_135300-1-1024x768.jpg 1024w, https:\/\/urbanicc.fr\/wp-content\/uploads\/2020\/01\/IMG_20200117_135300-1-300x225.jpg 300w, https:\/\/urbanicc.fr\/wp-content\/uploads\/2020\/01\/IMG_20200117_135300-1-768x576.jpg 768w, https:\/\/urbanicc.fr\/wp-content\/uploads\/2020\/01\/IMG_20200117_135300-1-1536x1152.jpg 1536w, https:\/\/urbanicc.fr\/wp-content\/uploads\/2020\/01\/IMG_20200117_135300-1-2048x1536.jpg 2048w\" sizes=\"auto, (max-width: 1024px) 100vw, 1024px\" \/><figcaption>Le site en janvier 2020<\/figcaption><\/figure>\n\n\n\n<p><a href=\"http:\/\/www.emmanuelle-colboc.com\/\" target=\"_blank\" rel=\"noreferrer noopener\" aria-label=\"visiter le site d'Emmanuelle COLBOC. (ouverture dans un nouvel onglet)\">visiter le site d&rsquo;Emmanuelle COLBOC.<\/a><\/p>\n","protected":false},"excerpt":{"rendered":"<p>Janvier 2020, retour sur l&rsquo;\u00e9tat d&rsquo;avancement du projet de construction d&rsquo;un groupe scolaire de 25 classes, d&rsquo;un gymnase et de 280 logements \u00e9tudiants. Sur le terrain, rien n&rsquo;a chang\u00e9, le terrain vague laiss\u00e9 par la destruction des anciens entrep\u00f4ts du BVH est toujours pr\u00e9sent. Pour autant, le projet n&rsquo;est pas&#46;&#46;&#46;<\/p>\n","protected":false},"author":10,"featured_media":2312,"comment_status":"open","ping_status":"open","sticky":false,"template":"","format":"standard","meta":{"_exactmetrics_skip_tracking":false,"_exactmetrics_sitenote_active":false,"_exactmetrics_sitenote_note":"","_exactmetrics_sitenote_category":0,"ngg_post_thumbnail":0,"footnotes":""},"categories":[15],"tags":[],"class_list":["post-2310","post","type-post","status-publish","format-standard","has-post-thumbnail","hentry","category-article"],"_links":{"self":[{"href":"https:\/\/urbanicc.fr\/index.php\/wp-json\/wp\/v2\/posts\/2310","targetHints":{"allow":["GET"]}}],"collection":[{"href":"https:\/\/urbanicc.fr\/index.php\/wp-json\/wp\/v2\/posts"}],"about":[{"href":"https:\/\/urbanicc.fr\/index.php\/wp-json\/wp\/v2\/types\/post"}],"author":[{"embeddable":true,"href":"https:\/\/urbanicc.fr\/index.php\/wp-json\/wp\/v2\/users\/10"}],"replies":[{"embeddable":true,"href":"https:\/\/urbanicc.fr\/index.php\/wp-json\/wp\/v2\/comments?post=2310"}],"version-history":[{"count":0,"href":"https:\/\/urbanicc.fr\/index.php\/wp-json\/wp\/v2\/posts\/2310\/revisions"}],"wp:featuredmedia":[{"embeddable":true,"href":"https:\/\/urbanicc.fr\/index.php\/wp-json\/wp\/v2\/media\/2312"}],"wp:attachment":[{"href":"https:\/\/urbanicc.fr\/index.php\/wp-json\/wp\/v2\/media?parent=2310"}],"wp:term":[{"taxonomy":"category","embeddable":true,"href":"https:\/\/urbanicc.fr\/index.php\/wp-json\/wp\/v2\/categories?post=2310"},{"taxonomy":"post_tag","embeddable":true,"href":"https:\/\/urbanicc.fr\/index.php\/wp-json\/wp\/v2\/tags?post=2310"}],"curies":[{"name":"wp","href":"https:\/\/api.w.org\/{rel}","templated":true}]}}