{"id":208,"date":"2018-12-13T22:00:02","date_gmt":"2018-12-13T21:00:02","guid":{"rendered":"http:\/\/ivry.brisbois.fr\/?p=208"},"modified":"2019-01-21T10:18:52","modified_gmt":"2019-01-21T09:18:52","slug":"square-prudhon-nos-propositions-pour-ce-poumon-vert","status":"publish","type":"post","link":"https:\/\/urbanicc.fr\/index.php\/2018\/12\/13\/square-prudhon-nos-propositions-pour-ce-poumon-vert\/","title":{"rendered":"Square Prudhon : nos propositions pour ce poumon vert"},"content":{"rendered":"\n<p>Les habitants qui ont particip\u00e9 aux r\u00e9unions sur le square Prudhon ont rejet\u00e9 depuis le d\u00e9but les axonom\u00e9tries pr\u00e9sent\u00e9es par la Sadev, ce qui a enclench\u00e9 la r\u00e9flexion sur un projet alternatif.<\/p>\n\n\n\n<figure class=\"wp-block-pullquote\"><blockquote><p><strong>Nous rappelons la n\u00e9cessit\u00e9 d\u2019organiser la rencontre que nous attendons tous pour \u00e9changer \u00e0 nouveau sur les projets alternatifs, conform\u00e9ment \u00e0 l\u2019engagement pris publiquement par le 1er adjoint, en charge du d\u00e9veloppement urbain.<\/strong><\/p><\/blockquote><\/figure>\n\n\n\n<h2 class=\"wp-block-heading\">Notre projet<\/h2>\n\n\n\n<p>Con\u00e7u par Bernard Gaulin et d\u00e9fendu par le collectif URBANICC.<\/p>\n\n\n\n<h3 class=\"wp-block-heading\">Sur le chemin des \u00e9coliers<\/h3>\n\n\n\n<p>L\u2019\u00eelot 5G occupant une position strat\u00e9gique dans Ivry Confluences, l\u2019insertion d\u2019un square y est devenue plus qu\u2019une n\u00e9cessit\u00e9, un imp\u00e9ratif. Les \u00e9tablissements scolaires du secteur regorgent d\u2019enfants de tous \u00e2ges, et leurs loisirs, que partagent ou accompagnent leurs parents et grands-parents \u00e0 la sortie de l\u2019\u00e9cole ou hors jours de classe, doivent trouver dans leur environnement imm\u00e9diat des lieux de nature o\u00f9 exprimer leur \u00e9nergie.<\/p>\n\n\n\n<p>Les dimensions du square sont donc de premi\u00e8re importance. Compte tenu des 15 500 m2 constructibles impos\u00e9s par la Sadev, le square se d\u00e9ploie sur 2 800 m2, assurant ainsi l\u2019\u00e9quilibre morphologique entre le b\u00e2ti de l\u2019\u00eelot et le square.<\/p>\n\n\n\n<h3 class=\"wp-block-heading\">Conception et organisation du square<\/h3>\n\n\n\n<figure class=\"wp-block-image\"><img loading=\"lazy\" decoding=\"async\" width=\"1024\" height=\"638\" src=\"https:\/\/urbanicc.fr\/wp-content\/uploads\/2018\/12\/2018_prudhon_bernard_gaulin_vue1-1024x638.jpg\" alt=\"\" class=\"wp-image-837\" srcset=\"https:\/\/urbanicc.fr\/wp-content\/uploads\/2018\/12\/2018_prudhon_bernard_gaulin_vue1-1024x638.jpg 1024w, https:\/\/urbanicc.fr\/wp-content\/uploads\/2018\/12\/2018_prudhon_bernard_gaulin_vue1-300x187.jpg 300w, https:\/\/urbanicc.fr\/wp-content\/uploads\/2018\/12\/2018_prudhon_bernard_gaulin_vue1-768x479.jpg 768w, https:\/\/urbanicc.fr\/wp-content\/uploads\/2018\/12\/2018_prudhon_bernard_gaulin_vue1.jpg 1365w\" sizes=\"auto, (max-width: 1024px) 100vw, 1024px\" \/><\/figure>\n\n\n\n<h3 class=\"wp-block-heading\">2 800 m2 de square &#8211; 15 500 m2 de sdp \u00e0 construire<\/h3>\n\n\n\n<figure class=\"wp-block-image\"><img loading=\"lazy\" decoding=\"async\" width=\"1024\" height=\"591\" src=\"https:\/\/urbanicc.fr\/wp-content\/uploads\/2018\/12\/2018_prudhon_bernard_gaulin_vue2-1024x591.jpg\" alt=\"\" class=\"wp-image-833\" srcset=\"https:\/\/urbanicc.fr\/wp-content\/uploads\/2018\/12\/2018_prudhon_bernard_gaulin_vue2-1024x591.jpg 1024w, https:\/\/urbanicc.fr\/wp-content\/uploads\/2018\/12\/2018_prudhon_bernard_gaulin_vue2-300x173.jpg 300w, https:\/\/urbanicc.fr\/wp-content\/uploads\/2018\/12\/2018_prudhon_bernard_gaulin_vue2-768x443.jpg 768w, https:\/\/urbanicc.fr\/wp-content\/uploads\/2018\/12\/2018_prudhon_bernard_gaulin_vue2.jpg 1371w\" sizes=\"auto, (max-width: 1024px) 100vw, 1024px\" \/><\/figure>\n\n\n\n<h3 class=\"wp-block-heading\">La vie du square et la vie du quartier interagissent<\/h3>\n\n\n\n<h4 class=\"wp-block-heading\">le square<\/h4>\n\n\n\n<p>est totalement connect\u00e9 \u00e0 la travers\u00e9e de l\u2019\u00eelot, dans une bienfaisante position de centralit\u00e9. Des synergies doivent s\u2019\u00e9tablir entre le square et les rez-de-chauss\u00e9e \u00e0 vocation commerciale ou d\u2019activit\u00e9, en particulier ceux de Duo en Seine aujourd\u2019hui d\u00e9sesp\u00e9r\u00e9ment vides. La vie de l\u2019\u00eelot et de l\u2019ensemble du quartier se verra ainsi irrigu\u00e9e. Commerces de premi\u00e8re n\u00e9cessit\u00e9, restauration, petite activit\u00e9 productive, etc., c\u2019est ce qu\u2019appellent de leurs voeux les habitants. Pour que ces ouvertures adviennent, il faut qu\u2019un sp\u00e9cialiste des implantations commerciales et un investisseur prennent les choses en main. L\u2019ensemble des locaux cumul\u00e9s permet d\u2019atteindre un seuil critique qui modifiera substantiellement la qualit\u00e9 de la vie de ce secteur.<\/p>\n\n\n\n<h4 class=\"wp-block-heading\">pr\u00e9au<\/h4>\n\n\n\n<p>C\u00f4t\u00e9 ouest, le square se glisse sous le b\u00e2timent B2. D\u00e9limit\u00e9 par des pilotis, un pr\u00e9au abrite les usagers du square de la pluie et du soleil, favorise des jeux que permet un sol en dur. Le rez-de-chauss\u00e9e du b\u00e2timent voisin accueille des activit\u00e9s ayant un rapport direct avec la vie du square.<\/p>\n\n\n\n<h4 class=\"wp-block-heading\">gradins<\/h4>\n\n\n\n<p>Accessibles, les toitures des b\u00e2timents du lot 5G3, organis\u00e9es en gradins, s\u2019inscrivent dans la continuit\u00e9 visuelle du square. Ces parcelles paysag\u00e8res suspendues accueillent des activit\u00e9s conviviales \u00e0 l\u2019initiative des copropri\u00e9taires du lot et de leurs voisins.<\/p>\n\n\n\n<h4 class=\"wp-block-heading\">ciel<\/h4>\n\n\n\n<p>Par sa pointe nord le square s\u2019avance jusqu\u2019au pied d\u2019un b\u00e2timent singulier : une tour en bois \u00e0 dominante de logements qui s\u2019affine \u00e0 partir du niveau moyen de l\u2019\u00eelot, soit d\u00e8s le R+7. La tour compte 15 \u00e9tages ; les deux derniers ainsi que la toiture h\u00e9bergent des activit\u00e9s ouvertes \u00e0 tous.<\/p>\n\n\n\n<figure class=\"wp-block-image\"><img loading=\"lazy\" decoding=\"async\" width=\"728\" height=\"408\" src=\"https:\/\/urbanicc.fr\/wp-content\/uploads\/2018\/11\/2018_prudhon_beranrd_plan_masse.jpg\" alt=\"\" class=\"wp-image-800\" srcset=\"https:\/\/urbanicc.fr\/wp-content\/uploads\/2018\/11\/2018_prudhon_beranrd_plan_masse.jpg 728w, https:\/\/urbanicc.fr\/wp-content\/uploads\/2018\/11\/2018_prudhon_beranrd_plan_masse-300x168.jpg 300w\" sizes=\"auto, (max-width: 728px) 100vw, 728px\" \/><\/figure>\n\n\n\n<h3 class=\"wp-block-heading\">La tour en bois donne son caract\u00e8re \u00e0 l\u2019\u00eelot et signale le square<\/h3>\n\n\n\n<p>La singularit\u00e9 de ce b\u00e2timent vient notamment de son mode constructif \u00e9cologique. Le bois s\u2019impose d\u00e9sormais comme le mat\u00e9riau id\u00e9al pour se rapprocher de la nature, et on l\u2019associe \u00e0 d\u2019autres mat\u00e9riaux tout aussi choisis. Des espaces verts peuvent se d\u00e9ployer sur ce b\u00e2timent. En continuit\u00e9 avec le square, la toiture et les terrasses accueillent des espaces partag\u00e9s, dont l\u2019usage peut \u00eatre d\u00e9fini au terme d\u2019une enqu\u00eate aupr\u00e8s des habitants du quartier et pourquoi pas d\u2019un panel de potentiels habitants. La fili\u00e8re s\u00e8che c\u2019est le mode de construction que permet le bois et qui g\u00e9n\u00e8re des chantiers plus propres. Doublement permanente, puisqu\u2019au moment du lancement du chantier de construction, une partie du square sera en activit\u00e9. La fili\u00e8re s\u00e8che est donc un tr\u00e8s bon atout pour le respect du voisinage imm\u00e9diat \u2013 les habitants de Duo en Seine.<\/p>\n\n\n\n<ul class=\"wp-block-gallery columns-2 is-cropped wp-block-gallery-1 is-layout-flex wp-block-gallery-is-layout-flex\"><li class=\"blocks-gallery-item\"><figure><img loading=\"lazy\" decoding=\"async\" width=\"381\" height=\"561\" src=\"https:\/\/urbanicc.fr\/wp-content\/uploads\/2018\/12\/2018_prudhon_bernard_gaulin_tour.jpg\" alt=\"\" data-id=\"835\" data-link=\"https:\/\/urbanicc.fr\/2018_prudhon_bernard_gaulin_tour\/\" class=\"wp-image-835\" srcset=\"https:\/\/urbanicc.fr\/wp-content\/uploads\/2018\/12\/2018_prudhon_bernard_gaulin_tour.jpg 381w, https:\/\/urbanicc.fr\/wp-content\/uploads\/2018\/12\/2018_prudhon_bernard_gaulin_tour-204x300.jpg 204w\" sizes=\"auto, (max-width: 381px) 100vw, 381px\" \/><\/figure><\/li><li class=\"blocks-gallery-item\"><figure><img loading=\"lazy\" decoding=\"async\" width=\"399\" height=\"707\" src=\"https:\/\/urbanicc.fr\/wp-content\/uploads\/2018\/12\/2018_prudhon_bernard_gaulin_tour2.jpg\" alt=\"\" data-id=\"836\" data-link=\"https:\/\/urbanicc.fr\/2018_prudhon_bernard_gaulin_tour2\/\" class=\"wp-image-836\" srcset=\"https:\/\/urbanicc.fr\/wp-content\/uploads\/2018\/12\/2018_prudhon_bernard_gaulin_tour2.jpg 399w, https:\/\/urbanicc.fr\/wp-content\/uploads\/2018\/12\/2018_prudhon_bernard_gaulin_tour2-169x300.jpg 169w\" sizes=\"auto, (max-width: 399px) 100vw, 399px\" \/><figcaption>Exemple d\u2019une tour bois (Wood Up), Paris Bruneseau en 2021. LAN architecte<\/figcaption><\/figure><\/li><\/ul>\n","protected":false},"excerpt":{"rendered":"<p>Les habitants qui ont particip\u00e9 aux r\u00e9unions sur le square Prudhon ont rejet\u00e9 depuis le d\u00e9but les axonom\u00e9tries pr\u00e9sent\u00e9es par la Sadev, ce qui a enclench\u00e9 la r\u00e9flexion sur un projet alternatif. Nous rappelons la n\u00e9cessit\u00e9 d\u2019organiser la rencontre que nous attendons tous pour \u00e9changer \u00e0 nouveau sur les projets&#46;&#46;&#46;<\/p>\n","protected":false},"author":4,"featured_media":800,"comment_status":"open","ping_status":"open","sticky":false,"template":"","format":"standard","meta":{"_exactmetrics_skip_tracking":false,"_exactmetrics_sitenote_active":false,"_exactmetrics_sitenote_note":"","_exactmetrics_sitenote_category":0,"ngg_post_thumbnail":0,"footnotes":""},"categories":[11],"tags":[],"class_list":["post-208","post","type-post","status-publish","format-standard","has-post-thumbnail","hentry","category-proposition"],"_links":{"self":[{"href":"https:\/\/urbanicc.fr\/index.php\/wp-json\/wp\/v2\/posts\/208","targetHints":{"allow":["GET"]}}],"collection":[{"href":"https:\/\/urbanicc.fr\/index.php\/wp-json\/wp\/v2\/posts"}],"about":[{"href":"https:\/\/urbanicc.fr\/index.php\/wp-json\/wp\/v2\/types\/post"}],"author":[{"embeddable":true,"href":"https:\/\/urbanicc.fr\/index.php\/wp-json\/wp\/v2\/users\/4"}],"replies":[{"embeddable":true,"href":"https:\/\/urbanicc.fr\/index.php\/wp-json\/wp\/v2\/comments?post=208"}],"version-history":[{"count":0,"href":"https:\/\/urbanicc.fr\/index.php\/wp-json\/wp\/v2\/posts\/208\/revisions"}],"wp:featuredmedia":[{"embeddable":true,"href":"https:\/\/urbanicc.fr\/index.php\/wp-json\/wp\/v2\/media\/800"}],"wp:attachment":[{"href":"https:\/\/urbanicc.fr\/index.php\/wp-json\/wp\/v2\/media?parent=208"}],"wp:term":[{"taxonomy":"category","embeddable":true,"href":"https:\/\/urbanicc.fr\/index.php\/wp-json\/wp\/v2\/categories?post=208"},{"taxonomy":"post_tag","embeddable":true,"href":"https:\/\/urbanicc.fr\/index.php\/wp-json\/wp\/v2\/tags?post=208"}],"curies":[{"name":"wp","href":"https:\/\/api.w.org\/{rel}","templated":true}]}}