{"id":2046,"date":"2019-11-15T13:59:14","date_gmt":"2019-11-15T12:59:14","guid":{"rendered":"https:\/\/urbanicc.fr\/?p=2046"},"modified":"2019-11-15T13:59:15","modified_gmt":"2019-11-15T12:59:15","slug":"comment-integrer-lart-dans-les-espaces-publics-divry-confluence","status":"publish","type":"post","link":"https:\/\/urbanicc.fr\/index.php\/2019\/11\/15\/comment-integrer-lart-dans-les-espaces-publics-divry-confluence\/","title":{"rendered":"Comment int\u00e9grer l\u2019art dans les espaces publics d\u2019Ivry Confluence ?"},"content":{"rendered":"\n<h2 class=\"wp-block-heading\"><s>La ville d\u2019Ivry a programm\u00e9 l\u2019installation d\u2019une \u0153uvre d\u2019art sur l\u2019un des espaces publics am\u00e9nag\u00e9s dans le cadre de la ZAC Ivry confluence, le square de la Minoterie. <\/s><\/h2>\n\n\n\n<div class=\"wp-block-columns is-layout-flex wp-container-core-columns-is-layout-9d6595d7 wp-block-columns-is-layout-flex\">\n<div class=\"wp-block-column is-layout-flow wp-block-column-is-layout-flow\" style=\"flex-basis:66.66%\">\n<p><\/p>\n\n\n\n<p>Nous nous f\u00e9licitons de ce projet qui s\u2019inscrit dans une politique globale de valorisation de la r\u00e9flexion d\u2019artistes sur la &nbsp;cr\u00e9ation d\u2019\u0153uvres d\u2019art dans l\u2019espace urbain.&nbsp; <\/p>\n\n\n\n<p>La ville a choisi l\u2019\u0153uvre de l\u2019artiste Agn\u00e9s Thurnauer qui depuis 2012 travaille sur le langage \u00e0 travers une s\u00e9rie de pi\u00e8ces intitul\u00e9e,&nbsp;\u00ab&nbsp; Matrice\/ Assises (consonnes et voyelles)&nbsp;\u00bb et qui a fait l\u2019objet d\u2019une exposition \u00e0 la galerie Fernand L\u00e9ger d\u2019Ivry, en 2016. <\/p>\n\n\n\n<div class=\"wp-block-image\"><figure class=\"aligncenter size-large\"><img loading=\"lazy\" decoding=\"async\" width=\"1024\" height=\"512\" src=\"https:\/\/urbanicc.fr\/wp-content\/uploads\/2019\/11\/agnes-thurnauer-galerie-fernand-leger-ivry-sur-seine-001-1024x512.jpg\" alt=\"\" class=\"wp-image-2056\" srcset=\"https:\/\/urbanicc.fr\/wp-content\/uploads\/2019\/11\/agnes-thurnauer-galerie-fernand-leger-ivry-sur-seine-001-1024x512.jpg 1024w, https:\/\/urbanicc.fr\/wp-content\/uploads\/2019\/11\/agnes-thurnauer-galerie-fernand-leger-ivry-sur-seine-001-300x150.jpg 300w, https:\/\/urbanicc.fr\/wp-content\/uploads\/2019\/11\/agnes-thurnauer-galerie-fernand-leger-ivry-sur-seine-001-768x384.jpg 768w, https:\/\/urbanicc.fr\/wp-content\/uploads\/2019\/11\/agnes-thurnauer-galerie-fernand-leger-ivry-sur-seine-001.jpg 1100w\" sizes=\"auto, (max-width: 1024px) 100vw, 1024px\" \/><figcaption>source :  Galerie Fernand L\u00e9ger<\/figcaption><\/figure><\/div>\n\n\n\n<p>L\u2019artiste a propos\u00e9 20 pi\u00e8ces, entre sculptures et mobiliers urbains, qui repr\u00e9sentent des consonnes. Ces pi\u00e8ces, r\u00e9alis\u00e9es en bronze, sont con\u00e7ues de fa\u00e7on \u00e0 ce que \u00ab&nbsp; passants, enfants ou adultes, puissent jouer autour des pi\u00e8ces, s\u2019y asseoir ou s\u2019y lover&nbsp;\u00bb explique la galerie Fernand L\u00e9ger qui expose la maquette. (nous vous invitons \u00e0 aller la visiter au 93 avenue Georges Gosnat). &nbsp;<\/p>\n<\/div>\n\n\n\n<div class=\"wp-block-column is-layout-flow wp-block-column-is-layout-flow\" style=\"flex-basis:33.33%\">\n<p class=\"has-background has-very-light-gray-background-color\"><strong>Agn\u00e9s Thurnauer<\/strong><br>Dipl\u00f4m\u00e9e en 1985 de l\u2019\u00e9cole nationale des arts d\u00e9coratifs \u00e0 Paris,&nbsp;Agn\u00e9s Thurnauer a son atelier \u00e0 Ivry.<br>Au travers de ses peintures, sculptures et installations, elle traite du lien entre le langage, l\u2019espace et le corps.<br>Son travail a fait l\u2019objet d\u2019une exposition monographique, en 2003 au Palais de Tokyo. Ses \u0153uvres ont \u00e9galement \u00e9t\u00e9 expos\u00e9es &nbsp;dans de nombreux mus\u00e9es et centres d\u2019art&nbsp;(notamment au Centre Pompidou,&nbsp; aux &nbsp;Mus\u00e9es des Beaux Arts de Nantes et d\u2019Angers, \u00e0 Gand en Belgique, \u00e0 Seattle aux USA, \u00e0 Rio de Janeiro au Br\u00e9sil). &nbsp;Elle collabore r\u00e9guli\u00e8rement avec des \u00e9crivains, philosophes et po\u00e8tes.<br> <a href=\"https:\/\/agnesthurnauer.net\/\">https:\/\/agnesthurnauer.net<\/a><\/p>\n<\/div>\n<\/div>\n\n\n\n<p><strong><s>Il est essentiel que le projet de cette installation soit construit avec les futurs usagers&nbsp;: il &nbsp;doit \u00eatre l\u2019occasion d\u2019impliquer les habitants dans la vie de leur quartier, d\u2019en faire un \u00e9v\u00e9nement, une f\u00eate. <\/s><\/strong><\/p>\n\n\n\n<p>Qui mieux que les habitants qui ont d\u00e9j\u00e0 fortement investi&nbsp; leurs espaces de proximit\u00e9 pourra&nbsp;contribuer \u00e0 faire de cette installation un r\u00e9el espace de \u00ab&nbsp; rencontre et de d\u00e9ambulation&nbsp;\u00bb&nbsp;? <\/p>\n\n\n\n<p>Nous esp\u00e9rons que cette installation sera le point de d\u00e9part d\u2019une r\u00e9flexion plus large entre ville, am\u00e9nageur, nouvelle \u00e9quipe de maitrise d\u2019\u0153uvre et habitants sur l\u2019art dans les espaces urbains d\u2019Ivry confluence et sur l\u2019accompagnement par le d\u00e9veloppement culturel de la mutation du quartier.<\/p>\n\n\n\n<p><strong><s>Collectif URBANICC<\/s><\/strong><\/p>\n\n\n\n<div style=\"height:100px\" aria-hidden=\"true\" class=\"wp-block-spacer\"><\/div>\n\n\n\n<div class=\"wp-block-image\"><figure class=\"aligncenter size-large\"><img loading=\"lazy\" decoding=\"async\" width=\"1024\" height=\"515\" src=\"https:\/\/urbanicc.fr\/wp-content\/uploads\/2019\/11\/ivryimagecnap-e1573739339179-1024x515.jpg\" alt=\"\" class=\"wp-image-2055\" srcset=\"https:\/\/urbanicc.fr\/wp-content\/uploads\/2019\/11\/ivryimagecnap-e1573739339179-1024x515.jpg 1024w, https:\/\/urbanicc.fr\/wp-content\/uploads\/2019\/11\/ivryimagecnap-e1573739339179-300x151.jpg 300w, https:\/\/urbanicc.fr\/wp-content\/uploads\/2019\/11\/ivryimagecnap-e1573739339179-768x386.jpg 768w\" sizes=\"auto, (max-width: 1024px) 100vw, 1024px\" \/><figcaption>source :  Agn\u00e9s Thurnauer<br>L\u2019\u0153uvre sera install\u00e9e et inaugur\u00e9e en 2020, au square de la Minoterie.<\/figcaption><\/figure><\/div>\n\n\n\n<div style=\"height:100px\" aria-hidden=\"true\" class=\"wp-block-spacer\"><\/div>\n\n\n\n<ul class=\"wp-block-gallery columns-3 is-cropped wp-block-gallery-1 is-layout-flex wp-block-gallery-is-layout-flex\"><li class=\"blocks-gallery-item\"><figure><img loading=\"lazy\" decoding=\"async\" width=\"1024\" height=\"512\" src=\"https:\/\/urbanicc.fr\/wp-content\/uploads\/2019\/11\/agnes-thurnauer-galerie-fernand-leger-ivry-sur-seine-012-1024x512.jpg\" alt=\"\" data-id=\"2065\" data-full-url=\"https:\/\/urbanicc.fr\/wp-content\/uploads\/2019\/11\/agnes-thurnauer-galerie-fernand-leger-ivry-sur-seine-012.jpg\" data-link=\"https:\/\/urbanicc.fr\/?attachment_id=2065\" class=\"wp-image-2065\" srcset=\"https:\/\/urbanicc.fr\/wp-content\/uploads\/2019\/11\/agnes-thurnauer-galerie-fernand-leger-ivry-sur-seine-012-1024x512.jpg 1024w, https:\/\/urbanicc.fr\/wp-content\/uploads\/2019\/11\/agnes-thurnauer-galerie-fernand-leger-ivry-sur-seine-012-300x150.jpg 300w, https:\/\/urbanicc.fr\/wp-content\/uploads\/2019\/11\/agnes-thurnauer-galerie-fernand-leger-ivry-sur-seine-012-768x384.jpg 768w, https:\/\/urbanicc.fr\/wp-content\/uploads\/2019\/11\/agnes-thurnauer-galerie-fernand-leger-ivry-sur-seine-012.jpg 1100w\" sizes=\"auto, (max-width: 1024px) 100vw, 1024px\" \/><\/figure><\/li><li class=\"blocks-gallery-item\"><figure><img loading=\"lazy\" decoding=\"async\" width=\"1024\" height=\"512\" src=\"https:\/\/urbanicc.fr\/wp-content\/uploads\/2019\/11\/agnes-thurnauer-galerie-fernand-leger-ivry-sur-seine-010-1024x512.jpg\" alt=\"\" data-id=\"2064\" data-full-url=\"https:\/\/urbanicc.fr\/wp-content\/uploads\/2019\/11\/agnes-thurnauer-galerie-fernand-leger-ivry-sur-seine-010.jpg\" data-link=\"https:\/\/urbanicc.fr\/?attachment_id=2064\" class=\"wp-image-2064\" srcset=\"https:\/\/urbanicc.fr\/wp-content\/uploads\/2019\/11\/agnes-thurnauer-galerie-fernand-leger-ivry-sur-seine-010-1024x512.jpg 1024w, https:\/\/urbanicc.fr\/wp-content\/uploads\/2019\/11\/agnes-thurnauer-galerie-fernand-leger-ivry-sur-seine-010-300x150.jpg 300w, https:\/\/urbanicc.fr\/wp-content\/uploads\/2019\/11\/agnes-thurnauer-galerie-fernand-leger-ivry-sur-seine-010-768x384.jpg 768w, https:\/\/urbanicc.fr\/wp-content\/uploads\/2019\/11\/agnes-thurnauer-galerie-fernand-leger-ivry-sur-seine-010.jpg 1100w\" sizes=\"auto, (max-width: 1024px) 100vw, 1024px\" \/><\/figure><\/li><li class=\"blocks-gallery-item\"><figure><img loading=\"lazy\" decoding=\"async\" width=\"1024\" height=\"512\" src=\"https:\/\/urbanicc.fr\/wp-content\/uploads\/2019\/11\/agnes-thurnauer-galerie-fernand-leger-ivry-sur-seine-009-1024x512.jpg\" alt=\"\" data-id=\"2063\" data-full-url=\"https:\/\/urbanicc.fr\/wp-content\/uploads\/2019\/11\/agnes-thurnauer-galerie-fernand-leger-ivry-sur-seine-009.jpg\" data-link=\"https:\/\/urbanicc.fr\/?attachment_id=2063\" class=\"wp-image-2063\" srcset=\"https:\/\/urbanicc.fr\/wp-content\/uploads\/2019\/11\/agnes-thurnauer-galerie-fernand-leger-ivry-sur-seine-009-1024x512.jpg 1024w, https:\/\/urbanicc.fr\/wp-content\/uploads\/2019\/11\/agnes-thurnauer-galerie-fernand-leger-ivry-sur-seine-009-300x150.jpg 300w, https:\/\/urbanicc.fr\/wp-content\/uploads\/2019\/11\/agnes-thurnauer-galerie-fernand-leger-ivry-sur-seine-009-768x384.jpg 768w, https:\/\/urbanicc.fr\/wp-content\/uploads\/2019\/11\/agnes-thurnauer-galerie-fernand-leger-ivry-sur-seine-009.jpg 1100w\" sizes=\"auto, (max-width: 1024px) 100vw, 1024px\" \/><\/figure><\/li><li class=\"blocks-gallery-item\"><figure><img loading=\"lazy\" decoding=\"async\" width=\"1024\" height=\"512\" src=\"https:\/\/urbanicc.fr\/wp-content\/uploads\/2019\/11\/agnes-thurnauer-galerie-fernand-leger-ivry-sur-seine-004-1024x512.jpg\" alt=\"\" data-id=\"2059\" data-full-url=\"https:\/\/urbanicc.fr\/wp-content\/uploads\/2019\/11\/agnes-thurnauer-galerie-fernand-leger-ivry-sur-seine-004.jpg\" data-link=\"https:\/\/urbanicc.fr\/?attachment_id=2059\" class=\"wp-image-2059\" srcset=\"https:\/\/urbanicc.fr\/wp-content\/uploads\/2019\/11\/agnes-thurnauer-galerie-fernand-leger-ivry-sur-seine-004-1024x512.jpg 1024w, https:\/\/urbanicc.fr\/wp-content\/uploads\/2019\/11\/agnes-thurnauer-galerie-fernand-leger-ivry-sur-seine-004-300x150.jpg 300w, https:\/\/urbanicc.fr\/wp-content\/uploads\/2019\/11\/agnes-thurnauer-galerie-fernand-leger-ivry-sur-seine-004-768x384.jpg 768w, https:\/\/urbanicc.fr\/wp-content\/uploads\/2019\/11\/agnes-thurnauer-galerie-fernand-leger-ivry-sur-seine-004.jpg 1100w\" sizes=\"auto, (max-width: 1024px) 100vw, 1024px\" \/><\/figure><\/li><li class=\"blocks-gallery-item\"><figure><img loading=\"lazy\" decoding=\"async\" width=\"1024\" height=\"512\" src=\"https:\/\/urbanicc.fr\/wp-content\/uploads\/2019\/11\/agnes-thurnauer-galerie-fernand-leger-ivry-sur-seine-002-1024x512.jpg\" alt=\"\" data-id=\"2057\" data-full-url=\"https:\/\/urbanicc.fr\/wp-content\/uploads\/2019\/11\/agnes-thurnauer-galerie-fernand-leger-ivry-sur-seine-002.jpg\" data-link=\"https:\/\/urbanicc.fr\/?attachment_id=2057\" class=\"wp-image-2057\" srcset=\"https:\/\/urbanicc.fr\/wp-content\/uploads\/2019\/11\/agnes-thurnauer-galerie-fernand-leger-ivry-sur-seine-002-1024x512.jpg 1024w, https:\/\/urbanicc.fr\/wp-content\/uploads\/2019\/11\/agnes-thurnauer-galerie-fernand-leger-ivry-sur-seine-002-300x150.jpg 300w, https:\/\/urbanicc.fr\/wp-content\/uploads\/2019\/11\/agnes-thurnauer-galerie-fernand-leger-ivry-sur-seine-002-768x384.jpg 768w, https:\/\/urbanicc.fr\/wp-content\/uploads\/2019\/11\/agnes-thurnauer-galerie-fernand-leger-ivry-sur-seine-002.jpg 1100w\" sizes=\"auto, (max-width: 1024px) 100vw, 1024px\" \/><\/figure><\/li><li class=\"blocks-gallery-item\"><figure><img loading=\"lazy\" decoding=\"async\" width=\"1024\" height=\"512\" src=\"https:\/\/urbanicc.fr\/wp-content\/uploads\/2019\/11\/agnes-thurnauer-galerie-fernand-leger-ivry-sur-seine-001-1024x512.jpg\" alt=\"\" data-id=\"2056\" data-full-url=\"https:\/\/urbanicc.fr\/wp-content\/uploads\/2019\/11\/agnes-thurnauer-galerie-fernand-leger-ivry-sur-seine-001.jpg\" data-link=\"https:\/\/urbanicc.fr\/?attachment_id=2056\" class=\"wp-image-2056\" srcset=\"https:\/\/urbanicc.fr\/wp-content\/uploads\/2019\/11\/agnes-thurnauer-galerie-fernand-leger-ivry-sur-seine-001-1024x512.jpg 1024w, https:\/\/urbanicc.fr\/wp-content\/uploads\/2019\/11\/agnes-thurnauer-galerie-fernand-leger-ivry-sur-seine-001-300x150.jpg 300w, https:\/\/urbanicc.fr\/wp-content\/uploads\/2019\/11\/agnes-thurnauer-galerie-fernand-leger-ivry-sur-seine-001-768x384.jpg 768w, https:\/\/urbanicc.fr\/wp-content\/uploads\/2019\/11\/agnes-thurnauer-galerie-fernand-leger-ivry-sur-seine-001.jpg 1100w\" sizes=\"auto, (max-width: 1024px) 100vw, 1024px\" \/><\/figure><\/li><li class=\"blocks-gallery-item\"><figure><img loading=\"lazy\" decoding=\"async\" width=\"1024\" height=\"674\" src=\"https:\/\/urbanicc.fr\/wp-content\/uploads\/2019\/11\/image-012-1024x674.jpg\" alt=\"\" data-id=\"2096\" data-full-url=\"https:\/\/urbanicc.fr\/wp-content\/uploads\/2019\/11\/image-012.jpg\" data-link=\"https:\/\/urbanicc.fr\/image-012\/\" class=\"wp-image-2096\" srcset=\"https:\/\/urbanicc.fr\/wp-content\/uploads\/2019\/11\/image-012-1024x674.jpg 1024w, https:\/\/urbanicc.fr\/wp-content\/uploads\/2019\/11\/image-012-300x198.jpg 300w, https:\/\/urbanicc.fr\/wp-content\/uploads\/2019\/11\/image-012-768x506.jpg 768w, https:\/\/urbanicc.fr\/wp-content\/uploads\/2019\/11\/image-012.jpg 1028w\" sizes=\"auto, (max-width: 1024px) 100vw, 1024px\" \/><\/figure><\/li><li class=\"blocks-gallery-item\"><figure><img loading=\"lazy\" decoding=\"async\" width=\"1024\" height=\"674\" src=\"https:\/\/urbanicc.fr\/wp-content\/uploads\/2019\/11\/image-010-1024x674.jpg\" alt=\"\" data-id=\"2094\" data-full-url=\"https:\/\/urbanicc.fr\/wp-content\/uploads\/2019\/11\/image-010.jpg\" data-link=\"https:\/\/urbanicc.fr\/image-010\/\" class=\"wp-image-2094\" srcset=\"https:\/\/urbanicc.fr\/wp-content\/uploads\/2019\/11\/image-010-1024x674.jpg 1024w, https:\/\/urbanicc.fr\/wp-content\/uploads\/2019\/11\/image-010-300x198.jpg 300w, https:\/\/urbanicc.fr\/wp-content\/uploads\/2019\/11\/image-010-768x506.jpg 768w, https:\/\/urbanicc.fr\/wp-content\/uploads\/2019\/11\/image-010.jpg 1028w\" sizes=\"auto, (max-width: 1024px) 100vw, 1024px\" \/><\/figure><\/li><li class=\"blocks-gallery-item\"><figure><img loading=\"lazy\" decoding=\"async\" width=\"1024\" height=\"675\" src=\"https:\/\/urbanicc.fr\/wp-content\/uploads\/2019\/11\/image-011-1024x675.jpg\" alt=\"\" data-id=\"2095\" data-full-url=\"https:\/\/urbanicc.fr\/wp-content\/uploads\/2019\/11\/image-011.jpg\" data-link=\"https:\/\/urbanicc.fr\/image-011\/\" class=\"wp-image-2095\" srcset=\"https:\/\/urbanicc.fr\/wp-content\/uploads\/2019\/11\/image-011-1024x675.jpg 1024w, https:\/\/urbanicc.fr\/wp-content\/uploads\/2019\/11\/image-011-300x198.jpg 300w, https:\/\/urbanicc.fr\/wp-content\/uploads\/2019\/11\/image-011-768x506.jpg 768w, https:\/\/urbanicc.fr\/wp-content\/uploads\/2019\/11\/image-011.jpg 1029w\" sizes=\"auto, (max-width: 1024px) 100vw, 1024px\" \/><\/figure><\/li><\/ul>\n\n\n\n<p class=\"has-text-align-center\">source :  Galerie Fernand L\u00e9ger <\/p>\n\n\n<div class='w3eden'><!-- WPDM Link Template: Default Template -->\n\n<div class=\"link-template-default card mb-2\">\n    <div class=\"card-body\">\n        <div class=\"media\">\n            <div class=\"mr-3 img-48\"><img decoding=\"async\" class=\"wpdm_icon\" alt=\"Ic\u00f4ne\" src=\"https:\/\/urbanicc.fr\/wp-content\/plugins\/download-manager\/assets\/file-type-icons\/pdf.svg\" \/><\/div>\n            <div class=\"media-body\">\n                <h3 class=\"package-title\"><a href='https:\/\/urbanicc.fr\/index.php\/download\/catalogue_agnes_thurnauer_galerie_fernand-leger\/'>Catalogue_Agnes_Thurnauer_galerie_Fernand-Leger<\/a><\/h3>\n                <div class=\"text-muted text-small\"><i class=\"fas fa-copy\"><\/i> 1 fichier\u00b7s <i class=\"fas fa-hdd ml-3\"><\/i> 7.75 MB<\/div>\n            <\/div>\n            <div class=\"ml-3\">\n                <a class='wpdm-download-link download-on-click btn btn-primary btn-sm' rel='nofollow' href='#' data-downloadurl=\"https:\/\/urbanicc.fr\/index.php\/download\/catalogue_agnes_thurnauer_galerie_fernand-leger\/?wpdmdl=2099&refresh=69f51688daa7d1777669768\">T\u00e9l\u00e9charger<\/a>\n            <\/div>\n        <\/div>\n    <\/div>\n<\/div>\n\n<\/div>\n\n\n\n<div style=\"height:100px\" aria-hidden=\"true\" class=\"wp-block-spacer\"><\/div>\n","protected":false},"excerpt":{"rendered":"<p>La ville d\u2019Ivry a programm\u00e9 l\u2019installation d\u2019une \u0153uvre d\u2019art sur l\u2019un des espaces publics am\u00e9nag\u00e9s dans le cadre de la ZAC Ivry confluence, le square de la Minoterie. Nous nous f\u00e9licitons de ce projet qui s\u2019inscrit dans une politique globale de valorisation de la r\u00e9flexion d\u2019artistes sur la &nbsp;cr\u00e9ation d\u2019\u0153uvres&#46;&#46;&#46;<\/p>\n","protected":false},"author":10,"featured_media":2056,"comment_status":"open","ping_status":"open","sticky":false,"template":"","format":"standard","meta":{"_exactmetrics_skip_tracking":false,"_exactmetrics_sitenote_active":false,"_exactmetrics_sitenote_note":"","_exactmetrics_sitenote_category":0,"ngg_post_thumbnail":0,"footnotes":""},"categories":[15],"tags":[],"class_list":["post-2046","post","type-post","status-publish","format-standard","has-post-thumbnail","hentry","category-article"],"_links":{"self":[{"href":"https:\/\/urbanicc.fr\/index.php\/wp-json\/wp\/v2\/posts\/2046","targetHints":{"allow":["GET"]}}],"collection":[{"href":"https:\/\/urbanicc.fr\/index.php\/wp-json\/wp\/v2\/posts"}],"about":[{"href":"https:\/\/urbanicc.fr\/index.php\/wp-json\/wp\/v2\/types\/post"}],"author":[{"embeddable":true,"href":"https:\/\/urbanicc.fr\/index.php\/wp-json\/wp\/v2\/users\/10"}],"replies":[{"embeddable":true,"href":"https:\/\/urbanicc.fr\/index.php\/wp-json\/wp\/v2\/comments?post=2046"}],"version-history":[{"count":0,"href":"https:\/\/urbanicc.fr\/index.php\/wp-json\/wp\/v2\/posts\/2046\/revisions"}],"wp:featuredmedia":[{"embeddable":true,"href":"https:\/\/urbanicc.fr\/index.php\/wp-json\/wp\/v2\/media\/2056"}],"wp:attachment":[{"href":"https:\/\/urbanicc.fr\/index.php\/wp-json\/wp\/v2\/media?parent=2046"}],"wp:term":[{"taxonomy":"category","embeddable":true,"href":"https:\/\/urbanicc.fr\/index.php\/wp-json\/wp\/v2\/categories?post=2046"},{"taxonomy":"post_tag","embeddable":true,"href":"https:\/\/urbanicc.fr\/index.php\/wp-json\/wp\/v2\/tags?post=2046"}],"curies":[{"name":"wp","href":"https:\/\/api.w.org\/{rel}","templated":true}]}}