{"id":1543,"date":"2019-06-05T22:36:13","date_gmt":"2019-06-05T20:36:13","guid":{"rendered":"https:\/\/urbanicc.fr\/?p=1543"},"modified":"2019-06-06T15:55:27","modified_gmt":"2019-06-06T13:55:27","slug":"la-nouvelle-urbaniste-prendra-ses-fonctions-en-juillet","status":"publish","type":"post","link":"https:\/\/urbanicc.fr\/index.php\/2019\/06\/05\/la-nouvelle-urbaniste-prendra-ses-fonctions-en-juillet\/","title":{"rendered":"La nouvelle urbaniste prendra ses fonctions en juillet"},"content":{"rendered":"\n<p><s>Anne Mie Depuydt<\/s>, c\u2019est surtout en regardant la vid\u00e9o o\u00f9 elle pr\u00e9sente, en 2015, le travail qu\u2019elle est en train d\u2019accomplir avec Marcel Smets sur l\u2019\u00eele de Nantes qu\u2019on peut juger de son exp\u00e9rience. Entre 2010 et 2016 elle et lui font \u00e9quipe de ma\u00eetrise d\u2019\u0153uvre urbaine sur ce territoire. La clart\u00e9 des intuitions d\u2019A.M. Depuydt, fond\u00e9e sur la connaissance historique du site et l\u2019observation de ce qui le fragmente, les moyens qu\u2019elle se donne pour y op\u00e9rer un renouvellement urbain d\u2019envergure, les architectes auxquels elle fait appel, tout concourt \u00e0 produire une r\u00e9alisation remarqu\u00e9e. <\/p>\n\n\n\n<div style=\"height:20px\" aria-hidden=\"true\" class=\"wp-block-spacer\"><\/div>\n\n\n\n<figure class=\"wp-block-embed-youtube wp-block-embed is-type-video is-provider-youtube wp-embed-aspect-16-9 wp-has-aspect-ratio\"><div class=\"wp-block-embed__wrapper\">\n<div class=\"video-container\"><iframe loading=\"lazy\" title=\"Audition publique de Anne-Mie Depuydt et Marcel Smets - Projet \u00cele de Nantes\" width=\"500\" height=\"281\" src=\"https:\/\/www.youtube.com\/embed\/YcBVuyJJJ2M?feature=oembed&#038;wmode=opaque\" frameborder=\"0\" allow=\"accelerometer; autoplay; clipboard-write; encrypted-media; gyroscope; picture-in-picture; web-share\" referrerpolicy=\"strict-origin-when-cross-origin\" allowfullscreen><\/iframe><\/div>\n<\/div><figcaption>Projet Ile de Nantes<\/figcaption><\/figure>\n\n\n\n<p>Par opposition, comment ne pas avoir \u00e9t\u00e9 frapp\u00e9s par le peu de temps que les cinq candidats \u00e0 la ma\u00eetrise d\u2019\u0153uvre urbaine de la ZAC Ivry Confluences ont eu pour pr\u00e9senter leur projet&nbsp;\u00e0 l\u2019Espace des Confluences le 9 f\u00e9vrier 2019? <\/p>\n\n\n\n<p>Toutefois, lors de sa\nprestation, Anne Mie Depuydt a sem\u00e9 quelques indices qui pr\u00e9figuraient la\nnature de son engagement et nous ont aid\u00e9s \u00e0 comprendre pourquoi l\u2019instance de\ns\u00e9lection des candidats s\u2019est port\u00e9e sur cette \u00e9quipe-l\u00e0. <\/p>\n\n\n\n<p>\u00c0 propos de son futur pouvoir d\u2019agir&nbsp;: \u00ab Je ne peux pas \u00eatre seule dans ce travail. Il y a la Ville, il y a la Sadev. \u00bb <\/p>\n\n\n\n<p>De son \u00e9quipe&nbsp;: \u00ab On se conna\u00eet bien, on a de forts caract\u00e8res. On est porteurs d\u2019une vision, mais pr\u00eats \u00e0 ce que nos propositions soient contredites. \u00bb<\/p>\n\n\n\n<p>De la strat\u00e9gie urbaine&nbsp;: \u00ab Respecter l\u2019identit\u00e9 de chaque lieu, c\u2019est de la couture \u00bb, \u00ab Nous avons une vision \u00e0 partager avec les \u00e9lus et les habitants \u00bb, \u00ab Il faut \u00e9couter les voix dans la rue, aux comptoirs des caf\u00e9s, et travailler en atelier \u00bb, \u00ab Il faut faire soci\u00e9t\u00e9 \u00bb. <\/p>\n\n\n\n<div style=\"height:26px\" aria-hidden=\"true\" class=\"wp-block-spacer\"><\/div>\n\n\n\n<h2 class=\"wp-block-heading\"><s>Le document de pr\u00e9sentation d\u2019uapS, l\u2019agence d\u2019Anne&nbsp;Mie Depuydt, pr\u00e9cise certaines de ses intentions :<\/s><\/h2>\n\n\n\n<ul class=\"wp-block-list\"><li>Partager &#8211; cr\u00e9er des lieux de convivialit\u00e9, permettre aux rez-de-chauss\u00e9e de s\u2019ouvrir sur la rue;<\/li><li>S\u2019a\u00e9rer &#8211; cr\u00e9er des lieux de d\u00e9tente, penser aux enfants;<\/li><li>Cheminer &#8211; partager l\u2019espace, donner envie;<\/li><li>Cohabiter &#8211; rencontrer ses voisins, traverser l\u2019histoire;<\/li><li>Travailler &#8211; des commerces de proximit\u00e9, des entrepreneurs, des artisans;<\/li><li>Prototyper &#8211; penser le chantier comme terrain d\u2019expression, exp\u00e9rimenter de nouveaux usages.&nbsp;<\/li><\/ul>\n\n\n\n<div style=\"height:37px\" aria-hidden=\"true\" class=\"wp-block-spacer\"><\/div>\n\n\n\n<p>Entre autres intervenants,\nl\u2019urbaniste a pris BASE dans son \u00e9quipe. Les trois paysagistes, jeunes,\nd\u00e9brid\u00e9s, pourraient \u00e0 la fois jouer la carte d\u2019une nature foisonnante et\nconstruire comme ils savent si bien le faire des lieux vivants dans l\u2019espace\npublic.<\/p>\n\n\n\n<p>Enfin, les promoteurs \u00e9tant coriaces, appr\u00e9cions qu\u2019Anne Mie Depuydt nous ait d\u00e9clar\u00e9 : \u00ab Je me bats avec les promoteurs pour obtenir 2,70 m sous plafond dans les appartements. \u00bb <\/p>\n\n\n\n<p>La prise de fonction de la nouvelle \u00e9quipe de ma\u00eetrise d\u2019\u0153uvre urbaine est pr\u00e9vue pour d\u00e9but juillet. Un moment de v\u00e9rit\u00e9.<\/p>\n\n\n\n<p>Bernard Gaulin<br><br><\/p>\n\n\n\n<div style=\"height:100px\" aria-hidden=\"true\" class=\"wp-block-spacer\"><\/div>\n\n\n\n<p>La pr\u00e9sentation faite par uapS lors de l&rsquo;audition publique du 9 f\u00e9vrier 2019 :<\/p>\n\n\n<div class='w3eden'><!-- WPDM Link Template: Default Template -->\n\n<div class=\"link-template-default card mb-2\">\n    <div class=\"card-body\">\n        <div class=\"media\">\n            <div class=\"mr-3 img-48\"><img decoding=\"async\" class=\"wpdm_icon\" alt=\"Ic\u00f4ne\" src=\"https:\/\/urbanicc.fr\/wp-content\/plugins\/download-manager\/assets\/file-type-icons\/pdf.svg\" \/><\/div>\n            <div class=\"media-body\">\n                <h3 class=\"package-title\"><a href='https:\/\/urbanicc.fr\/index.php\/download\/presentation-uaps-fevrier-2019\/'>Pr\u00e9sentation uapS (f\u00e9vrier 2019)<\/a><\/h3>\n                <div class=\"text-muted text-small\"><i class=\"fas fa-copy\"><\/i> 1 fichier\u00b7s <i class=\"fas fa-hdd ml-3\"><\/i> 13.57 MB<\/div>\n            <\/div>\n            <div class=\"ml-3\">\n                <a class='wpdm-download-link download-on-click btn btn-primary btn-sm' rel='nofollow' href='#' data-downloadurl=\"https:\/\/urbanicc.fr\/index.php\/download\/presentation-uaps-fevrier-2019\/?wpdmdl=1539&refresh=69f42e2db898e1777610285\">T\u00e9l\u00e9charger<\/a>\n            <\/div>\n        <\/div>\n    <\/div>\n<\/div>\n\n<\/div>\n","protected":false},"excerpt":{"rendered":"<p>Anne Mie Depuydt, c\u2019est surtout en regardant la vid\u00e9o o\u00f9 elle pr\u00e9sente, en 2015, le travail qu\u2019elle est en train d\u2019accomplir avec Marcel Smets sur l\u2019\u00eele de Nantes qu\u2019on peut juger de son exp\u00e9rience. Entre 2010 et 2016 elle et lui font \u00e9quipe de ma\u00eetrise d\u2019\u0153uvre urbaine sur ce territoire.&#46;&#46;&#46;<\/p>\n","protected":false},"author":4,"featured_media":1559,"comment_status":"open","ping_status":"open","sticky":false,"template":"","format":"standard","meta":{"_exactmetrics_skip_tracking":false,"_exactmetrics_sitenote_active":false,"_exactmetrics_sitenote_note":"","_exactmetrics_sitenote_category":0,"ngg_post_thumbnail":0,"footnotes":""},"categories":[13],"tags":[],"class_list":["post-1543","post","type-post","status-publish","format-standard","has-post-thumbnail","hentry","category-opinion"],"_links":{"self":[{"href":"https:\/\/urbanicc.fr\/index.php\/wp-json\/wp\/v2\/posts\/1543","targetHints":{"allow":["GET"]}}],"collection":[{"href":"https:\/\/urbanicc.fr\/index.php\/wp-json\/wp\/v2\/posts"}],"about":[{"href":"https:\/\/urbanicc.fr\/index.php\/wp-json\/wp\/v2\/types\/post"}],"author":[{"embeddable":true,"href":"https:\/\/urbanicc.fr\/index.php\/wp-json\/wp\/v2\/users\/4"}],"replies":[{"embeddable":true,"href":"https:\/\/urbanicc.fr\/index.php\/wp-json\/wp\/v2\/comments?post=1543"}],"version-history":[{"count":0,"href":"https:\/\/urbanicc.fr\/index.php\/wp-json\/wp\/v2\/posts\/1543\/revisions"}],"wp:featuredmedia":[{"embeddable":true,"href":"https:\/\/urbanicc.fr\/index.php\/wp-json\/wp\/v2\/media\/1559"}],"wp:attachment":[{"href":"https:\/\/urbanicc.fr\/index.php\/wp-json\/wp\/v2\/media?parent=1543"}],"wp:term":[{"taxonomy":"category","embeddable":true,"href":"https:\/\/urbanicc.fr\/index.php\/wp-json\/wp\/v2\/categories?post=1543"},{"taxonomy":"post_tag","embeddable":true,"href":"https:\/\/urbanicc.fr\/index.php\/wp-json\/wp\/v2\/tags?post=1543"}],"curies":[{"name":"wp","href":"https:\/\/api.w.org\/{rel}","templated":true}]}}