{"id":1489,"date":"2019-05-05T11:31:10","date_gmt":"2019-05-05T09:31:10","guid":{"rendered":"https:\/\/urbanicc.fr\/?p=1489"},"modified":"2019-06-06T15:27:49","modified_gmt":"2019-06-06T13:27:49","slug":"reprise-des-ateliers-micro-quartiers","status":"publish","type":"post","link":"https:\/\/urbanicc.fr\/index.php\/2019\/05\/05\/reprise-des-ateliers-micro-quartiers\/","title":{"rendered":"Reprise des ateliers micro-quartiers"},"content":{"rendered":"\n<h3 class=\"wp-block-heading\" style=\"text-align:left\"> <del>MI<\/del><strong><del>CRO-QUARTIER RIGAUD<\/del><\/strong><del> <\/del><br><\/h3>\n\n\n\n<p><strong>VENEZ PARTAGER VOS ATTENTES, VOS SOUHAITS, VOS INTERROGATIONS.<\/strong><\/p>\n\n\n\n<p>J<strong>eudi 9 mai &#8211; 18h \u00e0 20h30<\/strong><\/p>\n\n\n\n<p>Maison de la citoyennet\u00e9 &#8211; La grande salle<\/p>\n\n\n\n<p>25 rue Jean-Jacques Rousseau<\/p>\n\n\n\n<h3 class=\"wp-block-heading\"><strong>Nous \u00e9changerons sur les projets de construction les plus avanc\u00e9s, et nous pr\u00e9parerons les prochaines balades de terrain pour comprendre les orientations.<\/strong><\/h3>\n\n\n\n<p><\/p>\n\n\n\n<div class=\"wp-block-file\"><a href=\"https:\/\/urbanicc.fr\/wp-content\/uploads\/2019\/05\/2019.5.2_Balade_dans_Ivry_Port_Rigaud.pdf\">2019.5.2_Balade_dans_Ivry_Port_Rigaud<\/a><a href=\"https:\/\/urbanicc.fr\/wp-content\/uploads\/2019\/05\/2019.5.2_Balade_dans_Ivry_Port_Rigaud.pdf\" class=\"wp-block-file__button\" download>T\u00e9l\u00e9charger<\/a><\/div>\n\n\n\n<figure class=\"wp-block-image\"><img loading=\"lazy\" decoding=\"async\" width=\"1024\" height=\"496\" src=\"https:\/\/urbanicc.fr\/wp-content\/uploads\/2019\/05\/20190509_micro-quartier_rigaud_moliere-1024x496.jpg\" alt=\"\" class=\"wp-image-1501\" srcset=\"https:\/\/urbanicc.fr\/wp-content\/uploads\/2019\/05\/20190509_micro-quartier_rigaud_moliere-1024x496.jpg 1024w, https:\/\/urbanicc.fr\/wp-content\/uploads\/2019\/05\/20190509_micro-quartier_rigaud_moliere-300x145.jpg 300w, https:\/\/urbanicc.fr\/wp-content\/uploads\/2019\/05\/20190509_micro-quartier_rigaud_moliere-768x372.jpg 768w, https:\/\/urbanicc.fr\/wp-content\/uploads\/2019\/05\/20190509_micro-quartier_rigaud_moliere.jpg 1667w\" sizes=\"auto, (max-width: 1024px) 100vw, 1024px\" \/><\/figure>\n\n\n\n<figure class=\"wp-block-image\"><img loading=\"lazy\" decoding=\"async\" width=\"1024\" height=\"240\" src=\"https:\/\/urbanicc.fr\/wp-content\/uploads\/2019\/05\/urbanicc_lapic-1024x240.png\" alt=\"\" class=\"wp-image-1498\" srcset=\"https:\/\/urbanicc.fr\/wp-content\/uploads\/2019\/05\/urbanicc_lapic-1024x240.png 1024w, https:\/\/urbanicc.fr\/wp-content\/uploads\/2019\/05\/urbanicc_lapic-300x70.png 300w, https:\/\/urbanicc.fr\/wp-content\/uploads\/2019\/05\/urbanicc_lapic-768x180.png 768w, https:\/\/urbanicc.fr\/wp-content\/uploads\/2019\/05\/urbanicc_lapic.png 1280w\" sizes=\"auto, (max-width: 1024px) 100vw, 1024px\" \/><figcaption>Collectif URBANICC &#8211; Association LAPIC<\/figcaption><\/figure>\n","protected":false},"excerpt":{"rendered":"<p>MICRO-QUARTIER RIGAUD VENEZ PARTAGER VOS ATTENTES, VOS SOUHAITS, VOS INTERROGATIONS. Jeudi 9 mai &#8211; 18h \u00e0 20h30 Maison de la citoyennet\u00e9 &#8211; La grande salle 25 rue Jean-Jacques Rousseau Nous \u00e9changerons sur les projets de construction les plus avanc\u00e9s, et nous pr\u00e9parerons les prochaines balades de terrain pour comprendre les&#46;&#46;&#46;<\/p>\n","protected":false},"author":10,"featured_media":1501,"comment_status":"open","ping_status":"open","sticky":false,"template":"","format":"standard","meta":{"_exactmetrics_skip_tracking":false,"_exactmetrics_sitenote_active":false,"_exactmetrics_sitenote_note":"","_exactmetrics_sitenote_category":0,"ngg_post_thumbnail":0,"footnotes":""},"categories":[14],"tags":[],"class_list":["post-1489","post","type-post","status-publish","format-standard","has-post-thumbnail","hentry","category-concertation"],"_links":{"self":[{"href":"https:\/\/urbanicc.fr\/index.php\/wp-json\/wp\/v2\/posts\/1489","targetHints":{"allow":["GET"]}}],"collection":[{"href":"https:\/\/urbanicc.fr\/index.php\/wp-json\/wp\/v2\/posts"}],"about":[{"href":"https:\/\/urbanicc.fr\/index.php\/wp-json\/wp\/v2\/types\/post"}],"author":[{"embeddable":true,"href":"https:\/\/urbanicc.fr\/index.php\/wp-json\/wp\/v2\/users\/10"}],"replies":[{"embeddable":true,"href":"https:\/\/urbanicc.fr\/index.php\/wp-json\/wp\/v2\/comments?post=1489"}],"version-history":[{"count":0,"href":"https:\/\/urbanicc.fr\/index.php\/wp-json\/wp\/v2\/posts\/1489\/revisions"}],"wp:featuredmedia":[{"embeddable":true,"href":"https:\/\/urbanicc.fr\/index.php\/wp-json\/wp\/v2\/media\/1501"}],"wp:attachment":[{"href":"https:\/\/urbanicc.fr\/index.php\/wp-json\/wp\/v2\/media?parent=1489"}],"wp:term":[{"taxonomy":"category","embeddable":true,"href":"https:\/\/urbanicc.fr\/index.php\/wp-json\/wp\/v2\/categories?post=1489"},{"taxonomy":"post_tag","embeddable":true,"href":"https:\/\/urbanicc.fr\/index.php\/wp-json\/wp\/v2\/tags?post=1489"}],"curies":[{"name":"wp","href":"https:\/\/api.w.org\/{rel}","templated":true}]}}